{"id":27332,"date":"2020-06-08T23:27:00","date_gmt":"2020-06-08T21:27:00","guid":{"rendered":"https:\/\/vfs.unsa.ba\/portal\/?p=27332"},"modified":"2021-11-12T23:28:27","modified_gmt":"2021-11-12T21:28:27","slug":"ponovna-pojava-bjesnila-na-podrucju-bosne-i-hercegovine","status":"publish","type":"post","link":"https:\/\/vfs.unsa.ba\/portal\/08\/06\/2020\/ponovna-pojava-bjesnila-na-podrucju-bosne-i-hercegovine\/","title":{"rendered":"Ponovna pojava bjesnila na podru\u010dju Bosne i Hercegovine"},"content":{"rendered":"\n<p class=\"wp-block-paragraph\">Nacionalna referentna laboratorija za bjesnilo Bosne i Hercegovine je 29.5.2020. godine dijagnosticirala bjesnilo kod lova\u010dkog psa s podru\u010dja op\u0107ine Srebrenica. Potrebno je ista\u0107i uspjeh uposlenika Instituta Veterinarskog fakulteta koji su prvi put u na\u0161oj zemlji i \u0161to je va\u017eno ista\u0107i u kratkom roku, izvr\u0161ili izolaciju i identifikaciju virusa bjesnila.<\/p>\n\n\n\n<p class=\"wp-block-paragraph\">Dobiveni izolat \u0107e se koristiti za dalja nau\u010dna istra\u017eivanja, odre\u0111ivanja topotipa te molekularno sekvenciranje, a sve u svrhu utvr\u0111ivanja porijekla ovog slu\u010daja bjesnila. Ovim je Veterinarski fakultet Univerziteta u Sarajevu radom laboratorija Instituta jo\u0161 jednom pokazao da posjeduje resurse za izolaciju virusnih patogena koji Univerzitet u Sarajevu stavljaju na svjetski nivo.<\/p>\n\n\n\n<p class=\"wp-block-paragraph\">S obzirom na to da je zadnji slu\u010daj bjesnila utvr\u0111en 2014. godine, tako\u0111er kod psa te da je ekstenzivnim vakcinalnim kampanjama silvati\u010dno bjesnilo dr\u017eano pod kontrolom sve do 2018. godine, kada je izvr\u0161ena zadnja distribucija vakcina, va\u017ean korak u kontroli bjesnila je reorganizacija i revizija vakcinalnog programa oralne vakcinacije lisica, organiziranje aktivnog nadzora bjesnila koji podrazumijeva odstrel lisica i uspostavljanje sistema dostavljanja dijagnosti\u010dkog materijala u Nacionalnu referentnu laboratoriju.<\/p>\n\n\n\n<p class=\"wp-block-paragraph\">Na va\u017enost ovog izuzetno opakog, fatalnog oboljenja ukazuju i podaci WHO prema kojima godi\u0161nje u svijetu od bjesnila umire 59 000 ljudi, od \u010dega 40% djeca mla\u0111a od 15 godina, a u 99% slu\u010dajeva bjesnila u ljudi izvor infekcije je kontakt s bijesnim psima.<\/p>\n\n\n\n<p class=\"wp-block-paragraph\">Va\u017eno je napomenuti da je bjesnilo mogu\u0107e prevenirati nizom mjera koja uklju\u010duju: edukaciju stanovni\u0161tva, vakcinaciju svih pasa i lisica, testiranje izlovljenih divljih \u017eivotinja te njihovo obavezno testiranje na prisustvo virusa bjesnila.<\/p>\n\n\n\n<p class=\"wp-block-paragraph\">Za dodatne informacije o temi bjesnila mo\u017eete kontaktirati prof. dr. Lejlu Veli\u0107,e-mail&nbsp;<a href=\"mailto:lejla.velic@vfs.unsa.ba\">lejla.velic@vfs.unsa.ba<\/a>, tel. + 387 33 775 554, +387 62 211 791<\/p>\n\n\n\n<p class=\"wp-block-paragraph\">Iz ureda dekana Veterinarskog fakulteta Univerziteta u Sarajevu<\/p>\n","protected":false},"excerpt":{"rendered":"<p>Nacionalna referentna laboratorija za bjesnilo Bosne i Hercegovine je 29.5.2020. godine dijagnosticirala bjesnilo kod lova\u010dkog psa s podru\u010dja op\u0107ine Srebrenica&#8230;.<\/p>\n","protected":false},"author":1,"featured_media":0,"comment_status":"closed","ping_status":"closed","sticky":false,"template":"","format":"standard","meta":{"footnotes":""},"categories":[1],"tags":[],"class_list":["post-27332","post","type-post","status-publish","format-standard","category-vijesti"],"menu_order":0,"_links":{"self":[{"href":"https:\/\/vfs.unsa.ba\/portal\/wp-json\/wp\/v2\/posts\/27332","targetHints":{"allow":["GET"]}}],"collection":[{"href":"https:\/\/vfs.unsa.ba\/portal\/wp-json\/wp\/v2\/posts"}],"about":[{"href":"https:\/\/vfs.unsa.ba\/portal\/wp-json\/wp\/v2\/types\/post"}],"author":[{"embeddable":true,"href":"https:\/\/vfs.unsa.ba\/portal\/wp-json\/wp\/v2\/users\/1"}],"replies":[{"embeddable":true,"href":"https:\/\/vfs.unsa.ba\/portal\/wp-json\/wp\/v2\/comments?post=27332"}],"version-history":[{"count":1,"href":"https:\/\/vfs.unsa.ba\/portal\/wp-json\/wp\/v2\/posts\/27332\/revisions"}],"predecessor-version":[{"id":27333,"href":"https:\/\/vfs.unsa.ba\/portal\/wp-json\/wp\/v2\/posts\/27332\/revisions\/27333"}],"wp:attachment":[{"href":"https:\/\/vfs.unsa.ba\/portal\/wp-json\/wp\/v2\/media?parent=27332"}],"wp:term":[{"taxonomy":"category","embeddable":true,"href":"https:\/\/vfs.unsa.ba\/portal\/wp-json\/wp\/v2\/categories?post=27332"},{"taxonomy":"post_tag","embeddable":true,"href":"https:\/\/vfs.unsa.ba\/portal\/wp-json\/wp\/v2\/tags?post=27332"}],"curies":[{"name":"wp","href":"https:\/\/api.w.org\/{rel}","templated":true}]}}