{"id":27354,"date":"2019-11-19T23:46:00","date_gmt":"2019-11-19T21:46:00","guid":{"rendered":"https:\/\/vfs.unsa.ba\/portal\/?p=27354"},"modified":"2021-11-12T23:47:01","modified_gmt":"2021-11-12T21:47:01","slug":"program-obiljezavanja-70-godina-vfs","status":"publish","type":"post","link":"https:\/\/vfs.unsa.ba\/portal\/19\/11\/2019\/program-obiljezavanja-70-godina-vfs\/","title":{"rendered":"Program obilje\u017eavanja 70 godina VFS"},"content":{"rendered":"\n<p class=\"wp-block-paragraph\">Dragi prijatelji,<\/p>\n\n\n\n<p class=\"wp-block-paragraph\">U utorak, zanimljivom i neubi\u010dajenom konferencijom za novinare, otvorit \u0107emo doga\u0111aj decenije u na\u0161em dijelu nau\u010dne zajednice&nbsp;<strong>&#8220;Jubilarnih 70 godina Veterinarskog fakulteta u Sarajevu&#8221;<\/strong>.<\/p>\n\n\n\n<p class=\"wp-block-paragraph\">Uz va\u0161u kontinuiranu pomo\u0107 da javnosti pribli\u017eimo plemenitost na\u0161eg posla i va\u017enost uvo\u0111enja najsavremenijih nau\u010dnih standarda u obrazovanju, na\u0161 Fakultet je danas, regionalni lider i prepoznatljivi evropski partner sa presti\u017enim univerzitetima.<\/p>\n\n\n\n<p class=\"wp-block-paragraph\">Ljubazno vas molimo i ovoga puta za pa\u017enju u tri veoma va\u017ena doga\u0111aja.<\/p>\n\n\n\n<p class=\"wp-block-paragraph\"><strong>U utorak, 19. novembra 2019. godine, u 13 sati na Veterinarskom fakultetu<\/strong>, upoznat \u0107emo vas sa \u010duvenim profesorom iz 1. generacije diplomanata na\u0161eg Fakulteta, prof. dr. Hamdom Lokvan\u010di\u0107em, jednim od prvih Humboldtovih stipendista u biv\u0161oj dr\u017eavi. Njegovi hrabri podvizi inspirirali su \u010duvena filmska imena, koji su po istinitom doga\u0111aju snimili kratki film &#8220;(A)Torzija&#8221;, vi\u0161e puta nagra\u0111ivan sjajnim nagradama, kao i najve\u0107im evropskim priznanjem &#8220;Srebrenim medvjedom&#8221;. O tome \u0107ete \u010ditati u na\u0161oj Monografiji koju \u0107emo u utorak predstaviti.<\/p>\n\n\n\n<p class=\"wp-block-paragraph\"><strong>U \u010detvrtak, 21. novembra 2019. godine je na\u0161a Sve\u010dana akademija u Narodnom pozori\u0161tu<\/strong>. Cijene\u0107i gust raspored va\u0161ih prioriteta toga dana, po\u010detak smo planirali&nbsp;<strong>u 20 sati<\/strong>. Akademiji \u0107e prisustvovati uva\u017eene kolege, dekani veterinarskih fakulteta i predstavnici veterinarskih instituta iz regije i svijeta. Zaslu\u017enim pojedinicima, institucijama i organizacijama za na\u0161 uspjeh \u0107emo zvani\u010dno uru\u010diti povelje i plakete te pokazati koliko cijenimo zajedni\u0161tvo i saradnju. U obra\u0107anju doma\u0107ih politi\u010dkih zvanica i institucija o\u010dekujemo da prvi put iz ove sfere neko javno podr\u017ei nauku.<\/p>\n\n\n\n<p class=\"wp-block-paragraph\">Sutradan,&nbsp;<strong>u petak, 22. novembra 2019. godine, u 10 sati na Veterinarskom fakultetu,&nbsp;<\/strong>posve novi koncept panel diskusije, namijenjen na\u0161im studentima, ali i korisnicima veterinarske znanosti: industriji, vladinim i nau\u010dnim organizacijama, proizvo\u0111a\u010dima hrane, dr\u017eateljima \u017eivotinja itd. Panel&nbsp;<strong>&#8220;Veterinarska edukacija &#8211; pogled u budu\u0107nost&#8221;<\/strong>&nbsp;je zami\u0161ljen kao novi koncept u na\u0161em diskursu. Panelisti su uva\u017eeni svjetski eksperti i lideri svoje oblasti, poput eksperta za osiguranje kvaliteta u visokom obrazovanju, prof. dr. Ehab Abu-Basha te po\u010dasnog predsjednika Asocijacije veterinarskih fakulteta Mediteranskih zemalja prof. dr. Andre Laurent Parodija i mnoge druge uva\u017eene kolege iz regiona. Odgovorit \u0107emo \u0161ta je to dobro, a \u0161ta lo\u0161e, \u0161ta mijenjati u edukaciji i znanosti i kako je unaprijediti&#8230; Okupili smo dokazane lidere u svojim profesijama &nbsp;koji \u0107e i vama biti zanimljivi sagovornici u mnogim \u017eivotnim temama.<\/p>\n\n\n\n<p class=\"wp-block-paragraph\">S po\u0161tovanjem,<\/p>\n\n\n\n<p class=\"wp-block-paragraph\">Dekan Veterinarskog fakulteta u Sarajevu,<\/p>\n\n\n\n<p class=\"wp-block-paragraph\">Prof.dr. Nihad Fejzi\u0107<\/p>\n","protected":false},"excerpt":{"rendered":"<p>Dragi prijatelji, U utorak, zanimljivom i neubi\u010dajenom konferencijom za novinare, otvorit \u0107emo doga\u0111aj decenije u na\u0161em dijelu nau\u010dne zajednice&nbsp;&#8220;Jubilarnih 70&#8230;<\/p>\n","protected":false},"author":1,"featured_media":0,"comment_status":"closed","ping_status":"closed","sticky":false,"template":"","format":"standard","meta":{"footnotes":""},"categories":[1],"tags":[],"class_list":["post-27354","post","type-post","status-publish","format-standard","category-vijesti"],"menu_order":0,"_links":{"self":[{"href":"https:\/\/vfs.unsa.ba\/portal\/wp-json\/wp\/v2\/posts\/27354","targetHints":{"allow":["GET"]}}],"collection":[{"href":"https:\/\/vfs.unsa.ba\/portal\/wp-json\/wp\/v2\/posts"}],"about":[{"href":"https:\/\/vfs.unsa.ba\/portal\/wp-json\/wp\/v2\/types\/post"}],"author":[{"embeddable":true,"href":"https:\/\/vfs.unsa.ba\/portal\/wp-json\/wp\/v2\/users\/1"}],"replies":[{"embeddable":true,"href":"https:\/\/vfs.unsa.ba\/portal\/wp-json\/wp\/v2\/comments?post=27354"}],"version-history":[{"count":1,"href":"https:\/\/vfs.unsa.ba\/portal\/wp-json\/wp\/v2\/posts\/27354\/revisions"}],"predecessor-version":[{"id":27355,"href":"https:\/\/vfs.unsa.ba\/portal\/wp-json\/wp\/v2\/posts\/27354\/revisions\/27355"}],"wp:attachment":[{"href":"https:\/\/vfs.unsa.ba\/portal\/wp-json\/wp\/v2\/media?parent=27354"}],"wp:term":[{"taxonomy":"category","embeddable":true,"href":"https:\/\/vfs.unsa.ba\/portal\/wp-json\/wp\/v2\/categories?post=27354"},{"taxonomy":"post_tag","embeddable":true,"href":"https:\/\/vfs.unsa.ba\/portal\/wp-json\/wp\/v2\/tags?post=27354"}],"curies":[{"name":"wp","href":"https:\/\/api.w.org\/{rel}","templated":true}]}}