{"id":27391,"date":"2018-10-05T00:38:00","date_gmt":"2018-10-04T22:38:00","guid":{"rendered":"https:\/\/vfs.unsa.ba\/portal\/?p=27391"},"modified":"2021-11-13T00:41:46","modified_gmt":"2021-11-12T22:41:46","slug":"in-memoriam-prof-dr-tarik-bajrovic","status":"publish","type":"post","link":"https:\/\/vfs.unsa.ba\/portal\/05\/10\/2018\/in-memoriam-prof-dr-tarik-bajrovic\/","title":{"rendered":"IN MEMORIAM &#8211; Prof. dr. Tarik Bajrovi\u0107"},"content":{"rendered":"\n<div class=\"wp-block-image\"><figure class=\"aligncenter size-large\"><img width=\"1024\" height=\"576\" src=\"https:\/\/vfs.unsa.ba\/portal\/wp-content\/uploads\/2018\/10\/inmemoriam_Tarik_Bajrovic-1024x576.jpg\" alt=\"\" class=\"wp-image-27394\" srcset=\"https:\/\/vfs.unsa.ba\/portal\/wp-content\/uploads\/2018\/10\/inmemoriam_Tarik_Bajrovic-1024x576.jpg 1024w, https:\/\/vfs.unsa.ba\/portal\/wp-content\/uploads\/2018\/10\/inmemoriam_Tarik_Bajrovic-300x169.jpg 300w, https:\/\/vfs.unsa.ba\/portal\/wp-content\/uploads\/2018\/10\/inmemoriam_Tarik_Bajrovic-768x432.jpg 768w, https:\/\/vfs.unsa.ba\/portal\/wp-content\/uploads\/2018\/10\/inmemoriam_Tarik_Bajrovic-18x10.jpg 18w, https:\/\/vfs.unsa.ba\/portal\/wp-content\/uploads\/2018\/10\/inmemoriam_Tarik_Bajrovic.jpg 1509w\" sizes=\"(max-width: 1024px) 100vw, 1024px\" \/><\/figure><\/div>\n\n\n\n<p class=\"wp-block-paragraph\">Obavje\u0161tavamo akademsku javnost da je u Sarajevu dana 04.10.2018. u 68. godini \u017eivota preselio na Ahiret ugledni \u010dlan akademske zajednice i dugogodi\u0161nji uposlenik Veterinarskog fakulteta u Sarajevu,<\/p>\n\n\n\n<p class=\"has-text-align-center wp-block-paragraph\"><strong>Prof. dr. Tarik (Mahmut) Bajrovi\u0107<\/strong><\/p>\n\n\n\n<p class=\"wp-block-paragraph\">Svojim predanim i intelektualnim radom ostavio je neizbrisiv trag u historiji na\u0161eg Fakulteta na katedri za mikrobiologiju s imunologijom i zarazne bolesti \u017eivotinja sa epizootiologijom.<\/p>\n\n\n\n<p class=\"wp-block-paragraph\">D\u017eenaza \u0107e se obaviti u subotu, 06. oktobra 2018. godine u 14.00 sati na Bakijskom mezarju FALETI\u0106I 2.<\/p>\n\n\n\n<p class=\"wp-block-paragraph\">Tevhid \u0107e se prou\u010diti istog dana u 14.00 sati u Bakijskoj d\u017eamiji.<\/p>\n\n\n\n<p class=\"wp-block-paragraph\">Komemoracija \u0107e se odr\u017eati 08.10.2018. godine u amfiteatru Veterinarskog fakulteta u Sarajevu sa po\u010detkom u 11 sati.<\/p>\n","protected":false},"excerpt":{"rendered":"<p>Obavje\u0161tavamo akademsku javnost da je u Sarajevu dana 04.10.2018. u 68. godini \u017eivota preselio na Ahiret ugledni \u010dlan akademske zajednice&#8230;<\/p>\n","protected":false},"author":1,"featured_media":0,"comment_status":"closed","ping_status":"closed","sticky":false,"template":"","format":"standard","meta":{"footnotes":""},"categories":[1],"tags":[],"class_list":["post-27391","post","type-post","status-publish","format-standard","category-vijesti"],"menu_order":0,"_links":{"self":[{"href":"https:\/\/vfs.unsa.ba\/portal\/wp-json\/wp\/v2\/posts\/27391","targetHints":{"allow":["GET"]}}],"collection":[{"href":"https:\/\/vfs.unsa.ba\/portal\/wp-json\/wp\/v2\/posts"}],"about":[{"href":"https:\/\/vfs.unsa.ba\/portal\/wp-json\/wp\/v2\/types\/post"}],"author":[{"embeddable":true,"href":"https:\/\/vfs.unsa.ba\/portal\/wp-json\/wp\/v2\/users\/1"}],"replies":[{"embeddable":true,"href":"https:\/\/vfs.unsa.ba\/portal\/wp-json\/wp\/v2\/comments?post=27391"}],"version-history":[{"count":2,"href":"https:\/\/vfs.unsa.ba\/portal\/wp-json\/wp\/v2\/posts\/27391\/revisions"}],"predecessor-version":[{"id":27395,"href":"https:\/\/vfs.unsa.ba\/portal\/wp-json\/wp\/v2\/posts\/27391\/revisions\/27395"}],"wp:attachment":[{"href":"https:\/\/vfs.unsa.ba\/portal\/wp-json\/wp\/v2\/media?parent=27391"}],"wp:term":[{"taxonomy":"category","embeddable":true,"href":"https:\/\/vfs.unsa.ba\/portal\/wp-json\/wp\/v2\/categories?post=27391"},{"taxonomy":"post_tag","embeddable":true,"href":"https:\/\/vfs.unsa.ba\/portal\/wp-json\/wp\/v2\/tags?post=27391"}],"curies":[{"name":"wp","href":"https:\/\/api.w.org\/{rel}","templated":true}]}}