{"id":29321,"date":"2022-02-14T11:09:31","date_gmt":"2022-02-14T10:09:31","guid":{"rendered":"https:\/\/vfs.unsa.ba\/portal\/?p=29321"},"modified":"2022-02-14T11:14:35","modified_gmt":"2022-02-14T10:14:35","slug":"in-memoriam-prof-dr-sc-muhamed-a-kadic","status":"publish","type":"post","link":"https:\/\/vfs.unsa.ba\/portal\/14\/02\/2022\/in-memoriam-prof-dr-sc-muhamed-a-kadic\/","title":{"rendered":"In memoriam &#8211; Prof. dr. sc. Muhamed A. Kadi\u0107"},"content":{"rendered":"\t\t<div data-elementor-type=\"wp-post\" data-elementor-id=\"29321\" class=\"elementor elementor-29321\">\n\t\t\t\t\t\t<section class=\"elementor-section elementor-top-section elementor-element elementor-element-4479c59 elementor-section-boxed elementor-section-height-default elementor-section-height-default\" data-id=\"4479c59\" data-element_type=\"section\" data-e-type=\"section\">\r\n\t\t\t\t\t\t<div class=\"elementor-container elementor-column-gap-thegem\"><div class=\"elementor-row\">\r\n\t\t\t\t\t<div class=\"elementor-column elementor-col-100 elementor-top-column elementor-element elementor-element-21e8407\" data-id=\"21e8407\" data-element_type=\"column\" data-e-type=\"column\">\n\t\t\t<div class=\"elementor-widget-wrap elementor-element-populated\">\n\t\t\t\t\t\t<div class=\"elementor-element elementor-element-dbc9897 flex-horizontal-align-default flex-horizontal-align-tablet-default flex-horizontal-align-mobile-default flex-vertical-align-default flex-vertical-align-tablet-default flex-vertical-align-mobile-default elementor-widget elementor-widget-heading\" data-id=\"dbc9897\" data-element_type=\"widget\" data-e-type=\"widget\" data-widget_type=\"heading.default\">\n\t\t\t\t<div class=\"elementor-widget-container\">\n\t\t\t\t\t<h2 class=\"elementor-heading-title elementor-size-default\">In memoriam<\/h2>\t\t\t\t<\/div>\n\t\t\t\t<\/div>\n\t\t\t\t\t<\/div>\n\t\t<\/div>\n\t\t\t\t\t<\/div><\/div>\r\n\t\t<\/section>\r\n\t\t\t\t<section class=\"elementor-section elementor-top-section elementor-element elementor-element-e7a14b0 elementor-section-boxed elementor-section-height-default elementor-section-height-default\" data-id=\"e7a14b0\" data-element_type=\"section\" data-e-type=\"section\">\r\n\t\t\t\t\t\t<div class=\"elementor-container elementor-column-gap-thegem\"><div class=\"elementor-row\">\r\n\t\t\t\t\t<div class=\"elementor-column elementor-col-100 elementor-top-column elementor-element elementor-element-a58b913\" data-id=\"a58b913\" data-element_type=\"column\" data-e-type=\"column\">\n\t\t\t<div class=\"elementor-widget-wrap elementor-element-populated\">\n\t\t\t\t\t\t<div class=\"elementor-element elementor-element-f524156 flex-horizontal-align-default flex-horizontal-align-tablet-default flex-horizontal-align-mobile-default flex-vertical-align-default flex-vertical-align-tablet-default flex-vertical-align-mobile-default elementor-widget elementor-widget-image\" data-id=\"f524156\" data-element_type=\"widget\" data-e-type=\"widget\" data-widget_type=\"image.default\">\n\t\t\t\t<div class=\"elementor-widget-container\">\n\t\t\t\t\t\t\t\t\t\t\t\t\t\t\t<img width=\"235\" height=\"300\" src=\"https:\/\/vfs.unsa.ba\/portal\/wp-content\/uploads\/2022\/02\/M_Kadic--235x300.png\" class=\"attachment-medium size-medium wp-image-29323\" alt=\"\" srcset=\"https:\/\/vfs.unsa.ba\/portal\/wp-content\/uploads\/2022\/02\/M_Kadic--235x300.png 235w, https:\/\/vfs.unsa.ba\/portal\/wp-content\/uploads\/2022\/02\/M_Kadic-.png 401w\" sizes=\"(max-width: 235px) 100vw, 235px\" \/>\t\t\t\t\t\t\t\t\t\t\t\t\t\t\t<\/div>\n\t\t\t\t<\/div>\n\t\t\t\t\t<\/div>\n\t\t<\/div>\n\t\t\t\t\t<\/div><\/div>\r\n\t\t<\/section>\r\n\t\t\t\t<section class=\"elementor-section elementor-top-section elementor-element elementor-element-d056641 elementor-section-boxed elementor-section-height-default elementor-section-height-default\" data-id=\"d056641\" data-element_type=\"section\" data-e-type=\"section\">\r\n\t\t\t\t\t\t<div class=\"elementor-container elementor-column-gap-thegem\"><div class=\"elementor-row\">\r\n\t\t\t\t\t<div class=\"elementor-column elementor-col-100 elementor-top-column elementor-element elementor-element-7232120\" data-id=\"7232120\" data-element_type=\"column\" data-e-type=\"column\">\n\t\t\t<div class=\"elementor-widget-wrap elementor-element-populated\">\n\t\t\t\t\t\t<div class=\"elementor-element elementor-element-634daac flex-horizontal-align-default flex-horizontal-align-tablet-default flex-horizontal-align-mobile-default flex-vertical-align-default flex-vertical-align-tablet-default flex-vertical-align-mobile-default elementor-widget elementor-widget-heading\" data-id=\"634daac\" data-element_type=\"widget\" data-e-type=\"widget\" data-widget_type=\"heading.default\">\n\t\t\t\t<div class=\"elementor-widget-container\">\n\t\t\t\t\t<h2 class=\"elementor-heading-title elementor-size-default\">Prof. dr. sc. Muhamed A. Kadi\u0107<br>\n1938 - 2022<\/h2>\t\t\t\t<\/div>\n\t\t\t\t<\/div>\n\t\t\t\t\t<\/div>\n\t\t<\/div>\n\t\t\t\t\t<\/div><\/div>\r\n\t\t<\/section>\r\n\t\t\t\t<section class=\"elementor-section elementor-top-section elementor-element elementor-element-6bcee2f elementor-section-boxed elementor-section-height-default elementor-section-height-default\" data-id=\"6bcee2f\" data-element_type=\"section\" data-e-type=\"section\">\r\n\t\t\t\t\t\t<div class=\"elementor-container elementor-column-gap-thegem\"><div class=\"elementor-row\">\r\n\t\t\t\t\t<div class=\"elementor-column elementor-col-100 elementor-top-column elementor-element elementor-element-2636325\" data-id=\"2636325\" data-element_type=\"column\" data-e-type=\"column\">\n\t\t\t<div class=\"elementor-widget-wrap elementor-element-populated\">\n\t\t\t\t\t\t<div class=\"elementor-element elementor-element-79c28a6 flex-horizontal-align-default flex-horizontal-align-tablet-default flex-horizontal-align-mobile-default flex-vertical-align-default flex-vertical-align-tablet-default flex-vertical-align-mobile-default elementor-widget elementor-widget-text-editor\" data-id=\"79c28a6\" data-element_type=\"widget\" data-e-type=\"widget\" data-widget_type=\"text-editor.default\">\n\t\t\t\t<div class=\"elementor-widget-container\">\n\t\t\t\t\t\t\t\t\t\t\t\t<div class=\"elementor-text-editor elementor-clearfix\">\r\n\t\t\t\t\t\t<p>Nakon duge i te\u0161ke bolesti 10. februara 2022. godine u 84. godini, na ahiret je preselio na\u0161 uva\u017eeni prof. dr. Muhamed Kadi\u0107.<\/p><p>Ro\u0111en je u Konjicu 1938. godine, gdje je stekao osnovno i srednje obrazovanje. Diplomirao je na Veterinarskom fakultetu u Sarajevu. Od 1966. godine postaje asistent-istra\u017eiva\u010d na Katedri za patolo\u0161ku fiziologiju na mati\u010dnom fakultetu. Magistarski rad je uspje\u0161no odbranio, 1967. godine na PMF-u Sveu\u010dili\u0161ta u Zagrebu, a doktorsku disertaciju 1975. godine na mati\u010dnom fakultetu. Izabran je za docenta 1977. godine, za vanrednog profesora 1985. godine, a za redovnog profesora 1991. godine.<\/p><p>Tokom edukacije studenata u dodiplomskoj nastavi iz predmeta Patolo\u0161ka fiziologija doma\u0107ih \u017eivotinja, prof. dr. Muhamed Kadi\u0107 je iskazao veliki profesionalizam, trud, zalaganje, predanost ovoj vrsti posla, samokriti\u010dnost i pravednost.<\/p><p>U nau\u010dno-istra\u017eiva\u010dkom radu je postigao zavidne rezultate. Participirao je u velikom broju nau\u010dno-istra\u017eiva\u010dkih projekata kao voditelj ili saradnik, a koji su rezultirali publikovanjem velikog broja \u010dlanaka u referentnim znanstvenim \u010dasopisima. Napisao je dvije knjige kao samostalni autor i jednu monografiju kao koautor.<\/p><p>Tokom agresije na Bosnu i Hercegovinu, uva\u017eeni profesor Kadi\u0107 je dao zna\u010dajan doprinos odbrani grada Sarajeva od agresora na na\u010din da je tokom svoje radne obaveze na Veterinarskom fakultetu, u organizaciji Katedre za patolo\u0161ku fiziologiju, a na tra\u017eenje armijskog vrha, osnovao laboratoriju za humanu dijagnostiku koja je radila za potrebe pripadnika Armije Bosne i Hercegovine i gra\u0111anstva u periodu od 1992. do 1994. godine.<\/p><p>U zadnjoj dekadi svoje akademske karijere na\u0161 prof. dr. Muhameda Kadi\u0107 je pokrenuo publikovanje studentskog \u010dasopisa \u201eVeterinar\u201c 1999. godine i bio njegov glavni i odgovorni urednik. Tokom anga\u017emana prof. Kadi\u0107a u redakciji \u010dasopisa \u201eVeterinar\u201c publikovano je osamnaest brojeva do 2007. godine, kada profesor odlazi u zaslu\u017eenu mirovinu.<\/p><p>D\u017eenaza namaz i ukop na\u0161eg uva\u017eenog profesora Muhameda Kadi\u0107a bila je 12.02.2022. godine u njegovom rodnom Konjicu.<\/p>\t\t\t\t\t\t\t<\/div>\r\n\t\t\t\t\t\t\t\t\t\t<\/div>\n\t\t\t\t<\/div>\n\t\t\t\t\t<\/div>\n\t\t<\/div>\n\t\t\t\t\t<\/div><\/div>\r\n\t\t<\/section>\r\n\t\t\t\t<section class=\"elementor-section elementor-top-section elementor-element elementor-element-3320f0d elementor-section-boxed elementor-section-height-default elementor-section-height-default\" data-id=\"3320f0d\" data-element_type=\"section\" data-e-type=\"section\">\r\n\t\t\t\t\t\t<div class=\"elementor-container elementor-column-gap-thegem\"><div class=\"elementor-row\">\r\n\t\t\t\t\t<div class=\"elementor-column elementor-col-100 elementor-top-column elementor-element elementor-element-bed569e\" data-id=\"bed569e\" data-element_type=\"column\" data-e-type=\"column\">\n\t\t\t<div class=\"elementor-widget-wrap elementor-element-populated\">\n\t\t\t\t\t\t<div class=\"elementor-element elementor-element-e4d05ad flex-horizontal-align-default flex-horizontal-align-tablet-default flex-horizontal-align-mobile-default flex-vertical-align-default flex-vertical-align-tablet-default flex-vertical-align-mobile-default elementor-widget elementor-widget-spacer\" data-id=\"e4d05ad\" data-element_type=\"widget\" data-e-type=\"widget\" data-widget_type=\"spacer.default\">\n\t\t\t\t<div class=\"elementor-widget-container\">\n\t\t\t\t\t\t\t<div class=\"elementor-spacer\">\n\t\t\t<div class=\"elementor-spacer-inner\"><\/div>\n\t\t<\/div>\n\t\t\t\t\t\t<\/div>\n\t\t\t\t<\/div>\n\t\t\t\t\t<\/div>\n\t\t<\/div>\n\t\t\t\t\t<\/div><\/div>\r\n\t\t<\/section>\r\n\t\t\t\t<\/div>\n\t\t","protected":false},"excerpt":{"rendered":"<p>In memoriam Prof. dr. sc. Muhamed A. Kadi\u0107 1938 &#8211; 2022 Nakon duge i te\u0161ke bolesti 10. februara 2022. godine&#8230;<\/p>\n","protected":false},"author":1,"featured_media":0,"comment_status":"closed","ping_status":"closed","sticky":false,"template":"","format":"standard","meta":{"footnotes":""},"categories":[1],"tags":[],"class_list":["post-29321","post","type-post","status-publish","format-standard","category-vijesti"],"menu_order":0,"_links":{"self":[{"href":"https:\/\/vfs.unsa.ba\/portal\/wp-json\/wp\/v2\/posts\/29321","targetHints":{"allow":["GET"]}}],"collection":[{"href":"https:\/\/vfs.unsa.ba\/portal\/wp-json\/wp\/v2\/posts"}],"about":[{"href":"https:\/\/vfs.unsa.ba\/portal\/wp-json\/wp\/v2\/types\/post"}],"author":[{"embeddable":true,"href":"https:\/\/vfs.unsa.ba\/portal\/wp-json\/wp\/v2\/users\/1"}],"replies":[{"embeddable":true,"href":"https:\/\/vfs.unsa.ba\/portal\/wp-json\/wp\/v2\/comments?post=29321"}],"version-history":[{"count":8,"href":"https:\/\/vfs.unsa.ba\/portal\/wp-json\/wp\/v2\/posts\/29321\/revisions"}],"predecessor-version":[{"id":29330,"href":"https:\/\/vfs.unsa.ba\/portal\/wp-json\/wp\/v2\/posts\/29321\/revisions\/29330"}],"wp:attachment":[{"href":"https:\/\/vfs.unsa.ba\/portal\/wp-json\/wp\/v2\/media?parent=29321"}],"wp:term":[{"taxonomy":"category","embeddable":true,"href":"https:\/\/vfs.unsa.ba\/portal\/wp-json\/wp\/v2\/categories?post=29321"},{"taxonomy":"post_tag","embeddable":true,"href":"https:\/\/vfs.unsa.ba\/portal\/wp-json\/wp\/v2\/tags?post=29321"}],"curies":[{"name":"wp","href":"https:\/\/api.w.org\/{rel}","templated":true}]}}