{"id":30593,"date":"2022-10-27T16:03:00","date_gmt":"2022-10-27T14:03:00","guid":{"rendered":"https:\/\/vfs.unsa.ba\/portal\/?p=30593"},"modified":"2022-10-28T08:06:09","modified_gmt":"2022-10-28T06:06:09","slug":"in-memoriam-prof-dr-almasa-sacirbegovic","status":"publish","type":"post","link":"https:\/\/vfs.unsa.ba\/portal\/27\/10\/2022\/in-memoriam-prof-dr-almasa-sacirbegovic\/","title":{"rendered":"In Memoriam &#8211; Prof. dr. Almasa \u0160a\u0107irbegovi\u0107"},"content":{"rendered":"<div class=\"wp-block-image\">\n<figure class=\"aligncenter size-full\"><img width=\"198\" height=\"278\" src=\"https:\/\/vfs.unsa.ba\/portal\/wp-content\/uploads\/2022\/10\/Almasa-sacirbegovic.webp\" alt=\"\" class=\"wp-image-30594\"\/><\/figure>\n<\/div>\n\n\n<p class=\"wp-block-paragraph\">Obavje\u0161tavamo akademsku javnost, profesore, uposlenike i studente Univerziteta u Sarajevu &#8211; \u00a0Veterinarskog fakulteta, da je 21. oktobra 2022. godine u 88. godini \u017eivota, na ahiret preselila prof. dr. Almasa \u0160a\u0107irbegovi\u0107, na\u0161a uva\u017eena redovna profesorica u penziji. Ro\u0111ena je u Travniku 18. 12. 1934. godine.<\/p>\n\n\n\n<p class=\"wp-block-paragraph\">Na Veterinarski fakultet primljena je 01. 10. 1959. godine na Zavod za patolo\u0161ku fiziologiju u svojstvu nau\u010dnog saradnika. Na istom Zavodu je napredovala u vi\u0161eg nau\u010dnog saradnika. U zvanje vanrednog profesora izabrana je 1984. godine na Katedri za biologiju. Od 1984. do 2000. godine je obavljala du\u017enost \u0161efa Katedre za biologiju. U zaslu\u017eenu mirovinu odlazi u zvanju redovnog profesora 2000. godine.<\/p>\n\n\n\n<p class=\"wp-block-paragraph\">U svom dugogodi\u0161njem radu, profesorica \u0160a\u0107irbegovi\u0107 je bila mentor, \u010dlan komisija, objavila je zna\u010dajan broj stru\u010dnih i nau\u010dnih radova,&nbsp;univerzitetskih ud\u017ebenika, te je bila u\u010desnica brojnih doma\u0107ih i internacionalni nau\u010dnih, stru\u010dnih skupova i projekata. Dobitnica je priznanja \/nagrade Plaketa Univerziteta u Sarajevu. Svojim predanim i intelektualnim radom ostavila je neizbrisiv trag u historiji na\u0161eg Fakulteta, posebno na Katedri za&nbsp;biologiju.<\/p>\n\n\n\n<p class=\"wp-block-paragraph\">D\u017eenaza po\u0161tovanoj profesorici je obavljena 22. oktobra 2022. godine na mezarju <em>Lakewood Park Cemetery, USA<\/em>.<\/p>\n\n\n\n<p class=\"wp-block-paragraph\">Kolektiv Veterinarskog fakulteta porodici izra\u017eava svoje duboko saosje\u0107anje.<\/p>\n","protected":false},"excerpt":{"rendered":"<p>Obavje\u0161tavamo akademsku javnost, profesore, uposlenike i studente Univerziteta u Sarajevu &#8211; \u00a0Veterinarskog fakulteta, da je 21. oktobra 2022. godine u&#8230;<\/p>\n","protected":false},"author":1,"featured_media":0,"comment_status":"closed","ping_status":"closed","sticky":false,"template":"","format":"standard","meta":{"footnotes":""},"categories":[1],"tags":[],"class_list":["post-30593","post","type-post","status-publish","format-standard","category-vijesti"],"menu_order":0,"_links":{"self":[{"href":"https:\/\/vfs.unsa.ba\/portal\/wp-json\/wp\/v2\/posts\/30593","targetHints":{"allow":["GET"]}}],"collection":[{"href":"https:\/\/vfs.unsa.ba\/portal\/wp-json\/wp\/v2\/posts"}],"about":[{"href":"https:\/\/vfs.unsa.ba\/portal\/wp-json\/wp\/v2\/types\/post"}],"author":[{"embeddable":true,"href":"https:\/\/vfs.unsa.ba\/portal\/wp-json\/wp\/v2\/users\/1"}],"replies":[{"embeddable":true,"href":"https:\/\/vfs.unsa.ba\/portal\/wp-json\/wp\/v2\/comments?post=30593"}],"version-history":[{"count":1,"href":"https:\/\/vfs.unsa.ba\/portal\/wp-json\/wp\/v2\/posts\/30593\/revisions"}],"predecessor-version":[{"id":30595,"href":"https:\/\/vfs.unsa.ba\/portal\/wp-json\/wp\/v2\/posts\/30593\/revisions\/30595"}],"wp:attachment":[{"href":"https:\/\/vfs.unsa.ba\/portal\/wp-json\/wp\/v2\/media?parent=30593"}],"wp:term":[{"taxonomy":"category","embeddable":true,"href":"https:\/\/vfs.unsa.ba\/portal\/wp-json\/wp\/v2\/categories?post=30593"},{"taxonomy":"post_tag","embeddable":true,"href":"https:\/\/vfs.unsa.ba\/portal\/wp-json\/wp\/v2\/tags?post=30593"}],"curies":[{"name":"wp","href":"https:\/\/api.w.org\/{rel}","templated":true}]}}