{"id":31896,"date":"2023-09-15T13:25:40","date_gmt":"2023-09-15T11:25:40","guid":{"rendered":"https:\/\/vfs.unsa.ba\/portal\/?p=31896"},"modified":"2023-09-15T15:52:53","modified_gmt":"2023-09-15T13:52:53","slug":"4th-annual-davis-thompson-foundation-eastern-european-veterinary-pathology-meeting","status":"publish","type":"post","link":"https:\/\/vfs.unsa.ba\/portal\/15\/09\/2023\/4th-annual-davis-thompson-foundation-eastern-european-veterinary-pathology-meeting\/","title":{"rendered":"4th Annual Davis-Thompson Foundation Eastern European Veterinary Pathology Meeting"},"content":{"rendered":"\n<p class=\"wp-block-paragraph\">Univerzitet u Sarajevu &#8211; Veterinarski fakultet je u period od 6. do 8.9. 2023. godine bio doma\u0107in 4. godi\u0161njem skupu veterinarskih patologa Isto\u010dne Evrope (4th Annual Davis-Thompson Foundation Eastern European Veterinary Pathology Meeting) u suorganizaciji sa Davis-Thompson Foundation za promociju veterinarske patologije. Skupu je, pored doma\u0107ina, prisustvovalo vi\u0161e od 40 specijalista veterinarske patologije iz Srbije, Hrvatske, Slovenije, Ma\u0111arske, Sjeverne Makedonije, Rumunije, Gr\u010dke, \u0160panije, Ujedinjenog Kraljevstva i Sjedinjenih Ameri\u010dkih Dr\u017eava.<\/p>\n\n\n\n<p class=\"wp-block-paragraph\">Cilj skupa je promocija veterinarske patologije u Isto\u010dnoj Evropi, ali i prilika za razmjenu mi\u0161ljenja, sklapanje saradnje i stvaranje novih prijateljstava. Tako\u0111er, skup je prilika za promociju zemlje doma\u0107ina, njene istorije, naroda, kuture i znamenitosti.<\/p>\n\n\n\n<p class=\"wp-block-paragraph\">U\u010desnici skupa su imali priliku \u010duti predavanja profesora Francisco A. Uzal, DVM, MSc, PhD, DACVP, s UC Davis &#8211; &nbsp;School of Veterinary Medicine (SAD), profesora Corrie Brown, DVM, PhD, DACVP (University of Georgia, College of Veterinary Medicine, SAD), Profesora Lluis Lujan, PhD, DVM, DECVP (University of Zaragoza, Veterinary Faculty, \u0160panija) i profesora Amera Ali\u0107a, MSc, PhD (Univerzitet u Sarajevu &#8211; Veterinarski fakultet), o najnovijim saznanjima u oblasti patologije peradi, malih pre\u017eivara, kao i patologije golubova.<\/p>\n\n\n\n<p class=\"wp-block-paragraph\">Kao dodatno predavanje, professor Lluis Lujan je prezentirao svoja iskustva u kreiranju fantasti\u010dnih fotografija patolo\u0161kih promjena i dao smjernice u\u010desnicima kako od patologije napraviti \u201cumjetnost\u201d. Tako\u0111er, u\u010desnici skupa su sudjelovali u prakti\u010dnoj nastavi obdukcije peradi prezentiranoj od strane dva profesora Francisco A. Uzal i Corrie Brown.<\/p>\n\n\n\n<p class=\"wp-block-paragraph\">U pauzi izme\u0111u radnih predavanja, u\u010desnici skupa su obi\u0161li znamenitosti na\u0161eg grada, ali i posjetili Mostar i Blagaj sa znamenitostima.<\/p>\n\n\n\n<figure class=\"wp-block-image size-large\"><img width=\"1024\" height=\"769\" src=\"https:\/\/vfs.unsa.ba\/portal\/wp-content\/uploads\/2023\/09\/Kongres-1-1024x769.jpg\" alt=\"\" class=\"wp-image-31911\" srcset=\"https:\/\/vfs.unsa.ba\/portal\/wp-content\/uploads\/2023\/09\/Kongres-1-1024x769.jpg 1024w, https:\/\/vfs.unsa.ba\/portal\/wp-content\/uploads\/2023\/09\/Kongres-1-300x225.jpg 300w, https:\/\/vfs.unsa.ba\/portal\/wp-content\/uploads\/2023\/09\/Kongres-1-768x576.jpg 768w, https:\/\/vfs.unsa.ba\/portal\/wp-content\/uploads\/2023\/09\/Kongres-1.jpg 1467w\" sizes=\"(max-width: 1024px) 100vw, 1024px\" \/><\/figure>\n\n\n\n<figure class=\"wp-block-image size-large\"><img width=\"1024\" height=\"767\" src=\"https:\/\/vfs.unsa.ba\/portal\/wp-content\/uploads\/2023\/09\/Kongres-2-1024x767.jpg\" alt=\"\" class=\"wp-image-31912\" srcset=\"https:\/\/vfs.unsa.ba\/portal\/wp-content\/uploads\/2023\/09\/Kongres-2-1024x767.jpg 1024w, https:\/\/vfs.unsa.ba\/portal\/wp-content\/uploads\/2023\/09\/Kongres-2-300x225.jpg 300w, https:\/\/vfs.unsa.ba\/portal\/wp-content\/uploads\/2023\/09\/Kongres-2-768x575.jpg 768w, https:\/\/vfs.unsa.ba\/portal\/wp-content\/uploads\/2023\/09\/Kongres-2.jpg 1470w\" sizes=\"(max-width: 1024px) 100vw, 1024px\" \/><\/figure>\n\n\n\n<figure class=\"wp-block-image size-large\"><img width=\"1024\" height=\"770\" src=\"https:\/\/vfs.unsa.ba\/portal\/wp-content\/uploads\/2023\/09\/Kongres-3-1024x770.jpg\" alt=\"\" class=\"wp-image-31913\" srcset=\"https:\/\/vfs.unsa.ba\/portal\/wp-content\/uploads\/2023\/09\/Kongres-3-1024x770.jpg 1024w, https:\/\/vfs.unsa.ba\/portal\/wp-content\/uploads\/2023\/09\/Kongres-3-300x226.jpg 300w, https:\/\/vfs.unsa.ba\/portal\/wp-content\/uploads\/2023\/09\/Kongres-3-768x577.jpg 768w, https:\/\/vfs.unsa.ba\/portal\/wp-content\/uploads\/2023\/09\/Kongres-3.jpg 1466w\" sizes=\"(max-width: 1024px) 100vw, 1024px\" \/><\/figure>\n\n\n\n<figure class=\"wp-block-image size-large\"><img width=\"1024\" height=\"768\" src=\"https:\/\/vfs.unsa.ba\/portal\/wp-content\/uploads\/2023\/09\/Kongres-4-1024x768.jpg\" alt=\"\" class=\"wp-image-31906\" srcset=\"https:\/\/vfs.unsa.ba\/portal\/wp-content\/uploads\/2023\/09\/Kongres-4-1024x768.jpg 1024w, https:\/\/vfs.unsa.ba\/portal\/wp-content\/uploads\/2023\/09\/Kongres-4-300x225.jpg 300w, https:\/\/vfs.unsa.ba\/portal\/wp-content\/uploads\/2023\/09\/Kongres-4-768x576.jpg 768w, https:\/\/vfs.unsa.ba\/portal\/wp-content\/uploads\/2023\/09\/Kongres-4.jpg 1469w\" sizes=\"(max-width: 1024px) 100vw, 1024px\" \/><\/figure>\n\n\n\n<figure class=\"wp-block-image size-large\"><img width=\"1024\" height=\"768\" src=\"https:\/\/vfs.unsa.ba\/portal\/wp-content\/uploads\/2023\/09\/Kongres-5-1024x768.jpg\" alt=\"\" class=\"wp-image-31907\" srcset=\"https:\/\/vfs.unsa.ba\/portal\/wp-content\/uploads\/2023\/09\/Kongres-5-1024x768.jpg 1024w, https:\/\/vfs.unsa.ba\/portal\/wp-content\/uploads\/2023\/09\/Kongres-5-300x225.jpg 300w, https:\/\/vfs.unsa.ba\/portal\/wp-content\/uploads\/2023\/09\/Kongres-5-768x576.jpg 768w, https:\/\/vfs.unsa.ba\/portal\/wp-content\/uploads\/2023\/09\/Kongres-5.jpg 1467w\" sizes=\"(max-width: 1024px) 100vw, 1024px\" \/><\/figure>\n\n\n\n<figure class=\"wp-block-image size-large\"><img width=\"1024\" height=\"768\" src=\"https:\/\/vfs.unsa.ba\/portal\/wp-content\/uploads\/2023\/09\/Kongres-6-1024x768.jpg\" alt=\"\" class=\"wp-image-31908\" srcset=\"https:\/\/vfs.unsa.ba\/portal\/wp-content\/uploads\/2023\/09\/Kongres-6-1024x768.jpg 1024w, https:\/\/vfs.unsa.ba\/portal\/wp-content\/uploads\/2023\/09\/Kongres-6-300x225.jpg 300w, https:\/\/vfs.unsa.ba\/portal\/wp-content\/uploads\/2023\/09\/Kongres-6-768x576.jpg 768w, https:\/\/vfs.unsa.ba\/portal\/wp-content\/uploads\/2023\/09\/Kongres-6.jpg 1470w\" sizes=\"(max-width: 1024px) 100vw, 1024px\" \/><\/figure>\n\n\n\n<figure class=\"wp-block-image size-large\"><img width=\"1024\" height=\"768\" src=\"https:\/\/vfs.unsa.ba\/portal\/wp-content\/uploads\/2023\/09\/Kongres-7-1024x768.jpg\" alt=\"\" class=\"wp-image-31909\" srcset=\"https:\/\/vfs.unsa.ba\/portal\/wp-content\/uploads\/2023\/09\/Kongres-7-1024x768.jpg 1024w, https:\/\/vfs.unsa.ba\/portal\/wp-content\/uploads\/2023\/09\/Kongres-7-300x225.jpg 300w, https:\/\/vfs.unsa.ba\/portal\/wp-content\/uploads\/2023\/09\/Kongres-7-768x576.jpg 768w, https:\/\/vfs.unsa.ba\/portal\/wp-content\/uploads\/2023\/09\/Kongres-7.jpg 1465w\" sizes=\"(max-width: 1024px) 100vw, 1024px\" \/><\/figure>\n\n\n\n<figure class=\"wp-block-image size-large\"><img width=\"767\" height=\"1024\" src=\"https:\/\/vfs.unsa.ba\/portal\/wp-content\/uploads\/2023\/09\/Kongres-8-767x1024.jpg\" alt=\"\" class=\"wp-image-31910\" srcset=\"https:\/\/vfs.unsa.ba\/portal\/wp-content\/uploads\/2023\/09\/Kongres-8-767x1024.jpg 767w, https:\/\/vfs.unsa.ba\/portal\/wp-content\/uploads\/2023\/09\/Kongres-8-225x300.jpg 225w, https:\/\/vfs.unsa.ba\/portal\/wp-content\/uploads\/2023\/09\/Kongres-8-768x1026.jpg 768w, https:\/\/vfs.unsa.ba\/portal\/wp-content\/uploads\/2023\/09\/Kongres-8.jpg 822w\" sizes=\"(max-width: 767px) 100vw, 767px\" \/><\/figure>\n","protected":false},"excerpt":{"rendered":"<p>Univerzitet u Sarajevu &#8211; Veterinarski fakultet je u period od 6. do 8.9. 2023. godine bio doma\u0107in 4. godi\u0161njem skupu&#8230;<\/p>\n","protected":false},"author":1,"featured_media":0,"comment_status":"closed","ping_status":"closed","sticky":false,"template":"","format":"standard","meta":{"footnotes":""},"categories":[1],"tags":[],"class_list":["post-31896","post","type-post","status-publish","format-standard","category-vijesti"],"menu_order":0,"_links":{"self":[{"href":"https:\/\/vfs.unsa.ba\/portal\/wp-json\/wp\/v2\/posts\/31896","targetHints":{"allow":["GET"]}}],"collection":[{"href":"https:\/\/vfs.unsa.ba\/portal\/wp-json\/wp\/v2\/posts"}],"about":[{"href":"https:\/\/vfs.unsa.ba\/portal\/wp-json\/wp\/v2\/types\/post"}],"author":[{"embeddable":true,"href":"https:\/\/vfs.unsa.ba\/portal\/wp-json\/wp\/v2\/users\/1"}],"replies":[{"embeddable":true,"href":"https:\/\/vfs.unsa.ba\/portal\/wp-json\/wp\/v2\/comments?post=31896"}],"version-history":[{"count":2,"href":"https:\/\/vfs.unsa.ba\/portal\/wp-json\/wp\/v2\/posts\/31896\/revisions"}],"predecessor-version":[{"id":31920,"href":"https:\/\/vfs.unsa.ba\/portal\/wp-json\/wp\/v2\/posts\/31896\/revisions\/31920"}],"wp:attachment":[{"href":"https:\/\/vfs.unsa.ba\/portal\/wp-json\/wp\/v2\/media?parent=31896"}],"wp:term":[{"taxonomy":"category","embeddable":true,"href":"https:\/\/vfs.unsa.ba\/portal\/wp-json\/wp\/v2\/categories?post=31896"},{"taxonomy":"post_tag","embeddable":true,"href":"https:\/\/vfs.unsa.ba\/portal\/wp-json\/wp\/v2\/tags?post=31896"}],"curies":[{"name":"wp","href":"https:\/\/api.w.org\/{rel}","templated":true}]}}