{"id":33568,"date":"2024-09-20T15:16:27","date_gmt":"2024-09-20T13:16:27","guid":{"rendered":"https:\/\/vfs.unsa.ba\/portal\/?p=33568"},"modified":"2024-09-20T15:16:28","modified_gmt":"2024-09-20T13:16:28","slug":"odbrana-zavrsnog-rada-studentice-ene-selimovic","status":"publish","type":"post","link":"https:\/\/vfs.unsa.ba\/portal\/20\/09\/2024\/odbrana-zavrsnog-rada-studentice-ene-selimovic\/","title":{"rendered":"Odbrana zavr\u0161nog rada studentice Ene Selimovi\u0107"},"content":{"rendered":"\n<p class=\"wp-block-paragraph\"><strong>UNIVERZITET U SARAJEVU &#8211;<\/strong><\/p>\n\n\n\n<p class=\"wp-block-paragraph\"><strong>VETERINARSKI FAKULTET<\/strong><\/p>\n\n\n\n<p class=\"has-text-align-center wp-block-paragraph\"><strong>O B A V J E \u0160 T E NJ E<\/strong><\/p>\n\n\n\n<p class=\"has-text-align-center wp-block-paragraph\"><strong>O ODBRANI ZAVR\u0160NOG RADA<\/strong><\/p>\n\n\n\n<p class=\"wp-block-paragraph\">Na Univerzitetu u Sarajevu \u2013 Veterinarskom fakultetu Ena Selimovi\u0107, studentica integriranog studija veterinarske medicine branit \u0107e zavr\u0161ni rad pod naslovom:<\/p>\n\n\n\n<p class=\"has-text-align-center wp-block-paragraph\">\u201cZna\u010daj morfometrijske analize zuba i zubnih alveola ma\u010daka u veterinarskoj stomatologiji\u201c<\/p>\n\n\n\n<p class=\"has-text-align-center wp-block-paragraph\">dana 30.09.2024. godine (ponedjeljak) u 10:00 sati.<\/p>\n\n\n\n<p class=\"wp-block-paragraph\">Odbrana je javna i istoj se mo\u017ee prisustvovati, a odr\u017eat \u0107e se u sali 210 na Univerzitetu u Sarajevu \u2013 Veterinarskom fakultetu.<\/p>\n","protected":false},"excerpt":{"rendered":"<p>UNIVERZITET U SARAJEVU &#8211; VETERINARSKI FAKULTET O B A V J E \u0160 T E NJ E O ODBRANI ZAVR\u0160NOG&#8230;<\/p>\n","protected":false},"author":1,"featured_media":0,"comment_status":"closed","ping_status":"closed","sticky":false,"template":"","format":"standard","meta":{"footnotes":""},"categories":[13],"tags":[],"class_list":["post-33568","post","type-post","status-publish","format-standard","category-oglasna-ploca"],"menu_order":0,"_links":{"self":[{"href":"https:\/\/vfs.unsa.ba\/portal\/wp-json\/wp\/v2\/posts\/33568","targetHints":{"allow":["GET"]}}],"collection":[{"href":"https:\/\/vfs.unsa.ba\/portal\/wp-json\/wp\/v2\/posts"}],"about":[{"href":"https:\/\/vfs.unsa.ba\/portal\/wp-json\/wp\/v2\/types\/post"}],"author":[{"embeddable":true,"href":"https:\/\/vfs.unsa.ba\/portal\/wp-json\/wp\/v2\/users\/1"}],"replies":[{"embeddable":true,"href":"https:\/\/vfs.unsa.ba\/portal\/wp-json\/wp\/v2\/comments?post=33568"}],"version-history":[{"count":1,"href":"https:\/\/vfs.unsa.ba\/portal\/wp-json\/wp\/v2\/posts\/33568\/revisions"}],"predecessor-version":[{"id":33569,"href":"https:\/\/vfs.unsa.ba\/portal\/wp-json\/wp\/v2\/posts\/33568\/revisions\/33569"}],"wp:attachment":[{"href":"https:\/\/vfs.unsa.ba\/portal\/wp-json\/wp\/v2\/media?parent=33568"}],"wp:term":[{"taxonomy":"category","embeddable":true,"href":"https:\/\/vfs.unsa.ba\/portal\/wp-json\/wp\/v2\/categories?post=33568"},{"taxonomy":"post_tag","embeddable":true,"href":"https:\/\/vfs.unsa.ba\/portal\/wp-json\/wp\/v2\/tags?post=33568"}],"curies":[{"name":"wp","href":"https:\/\/api.w.org\/{rel}","templated":true}]}}