{"id":33964,"date":"2024-11-26T13:55:00","date_gmt":"2024-11-26T12:55:00","guid":{"rendered":"https:\/\/vfs.unsa.ba\/portal\/?p=33964"},"modified":"2024-11-26T13:58:46","modified_gmt":"2024-11-26T12:58:46","slug":"sajam-poslova-gledaj-sebi-posla","status":"publish","type":"post","link":"https:\/\/vfs.unsa.ba\/portal\/26\/11\/2024\/sajam-poslova-gledaj-sebi-posla\/","title":{"rendered":"Sajam poslova \u2013 Gledaj sebi posla"},"content":{"rendered":"\n<p class=\"wp-block-paragraph\">Federalno ministarstvo rada i socijalne politike uz podr\u0161ku Federalnog zavoda za zapo\u0161ljavanje, Fonda za profesionalnu rehabilitaciju te UN Women organizuje najve\u0107i i najsveobuhvatniji \u201eSajam poslova \u2013 Gledaj sebi posla\u201c, koji \u0107e se odr\u017eati\u00a0<strong>10. i 11. decembra 2024.<\/strong>\u00a0<strong>u hotelu Hills, Sarajevo.<\/strong>\u00a0Na sajmu \u0107e u\u010destvovati vi\u0161e od 100 kompanija, a nezaposleni \u0107e imati priliku aplicirati na vi\u0161e od 3000 radnih mjesta \u0161irom Bosne i Hercegovine.<\/p>\n\n\n\n<p class=\"wp-block-paragraph\">Jedan od klju\u010dnih izazova sa kojim se suo\u010dava Bosna i Hercegovina je odliv kvalifikovane radne snage, naro\u010dito mladih i obrazovanih ljudi. Ovaj sajam predstavlja upravo korak naprijed u nastojanjima Ministarstva da stvori ambijent u kojem \u0107e mladi i druge ranjive kategorije, poput osoba sa invaliditetom i \u017eena, imati priliku da grade svoje karijere u svojoj domovini.<\/p>\n\n\n\n<p class=\"wp-block-paragraph\">Pored prezentacije kompanija i poslova, na Sajmu \u0107e biti odr\u017eane korisne radionice i panel diskusije gdje \u0107e svi u\u010desnici dobiti vrijedne informacije o pisanju CV-a, kori\u0161tenju LinkedIn-a za pronalazak poslova, prilike za mlade osobe i \u017eene i brojne druge korisne teme.<\/p>\n\n\n<div class=\"wp-block-image\">\n<figure class=\"aligncenter size-large\"><img width=\"726\" height=\"1024\" src=\"https:\/\/vfs.unsa.ba\/portal\/wp-content\/uploads\/2024\/11\/B1-poster-726x1024.jpg\" alt=\"\" class=\"wp-image-33967\" srcset=\"https:\/\/vfs.unsa.ba\/portal\/wp-content\/uploads\/2024\/11\/B1-poster-726x1024.jpg 726w, https:\/\/vfs.unsa.ba\/portal\/wp-content\/uploads\/2024\/11\/B1-poster-213x300.jpg 213w, https:\/\/vfs.unsa.ba\/portal\/wp-content\/uploads\/2024\/11\/B1-poster-768x1084.jpg 768w, https:\/\/vfs.unsa.ba\/portal\/wp-content\/uploads\/2024\/11\/B1-poster-1089x1536.jpg 1089w, https:\/\/vfs.unsa.ba\/portal\/wp-content\/uploads\/2024\/11\/B1-poster-1451x2048.jpg 1451w, https:\/\/vfs.unsa.ba\/portal\/wp-content\/uploads\/2024\/11\/B1-poster-scaled.jpg 1814w\" sizes=\"(max-width: 726px) 100vw, 726px\" \/><\/figure>\n<\/div>","protected":false},"excerpt":{"rendered":"<p>Federalno ministarstvo rada i socijalne politike uz podr\u0161ku Federalnog zavoda za zapo\u0161ljavanje, Fonda za profesionalnu rehabilitaciju te UN Women organizuje&#8230;<\/p>\n","protected":false},"author":1,"featured_media":0,"comment_status":"closed","ping_status":"closed","sticky":false,"template":"","format":"standard","meta":{"footnotes":""},"categories":[1],"tags":[],"class_list":["post-33964","post","type-post","status-publish","format-standard","category-vijesti"],"menu_order":0,"_links":{"self":[{"href":"https:\/\/vfs.unsa.ba\/portal\/wp-json\/wp\/v2\/posts\/33964","targetHints":{"allow":["GET"]}}],"collection":[{"href":"https:\/\/vfs.unsa.ba\/portal\/wp-json\/wp\/v2\/posts"}],"about":[{"href":"https:\/\/vfs.unsa.ba\/portal\/wp-json\/wp\/v2\/types\/post"}],"author":[{"embeddable":true,"href":"https:\/\/vfs.unsa.ba\/portal\/wp-json\/wp\/v2\/users\/1"}],"replies":[{"embeddable":true,"href":"https:\/\/vfs.unsa.ba\/portal\/wp-json\/wp\/v2\/comments?post=33964"}],"version-history":[{"count":2,"href":"https:\/\/vfs.unsa.ba\/portal\/wp-json\/wp\/v2\/posts\/33964\/revisions"}],"predecessor-version":[{"id":33969,"href":"https:\/\/vfs.unsa.ba\/portal\/wp-json\/wp\/v2\/posts\/33964\/revisions\/33969"}],"wp:attachment":[{"href":"https:\/\/vfs.unsa.ba\/portal\/wp-json\/wp\/v2\/media?parent=33964"}],"wp:term":[{"taxonomy":"category","embeddable":true,"href":"https:\/\/vfs.unsa.ba\/portal\/wp-json\/wp\/v2\/categories?post=33964"},{"taxonomy":"post_tag","embeddable":true,"href":"https:\/\/vfs.unsa.ba\/portal\/wp-json\/wp\/v2\/tags?post=33964"}],"curies":[{"name":"wp","href":"https:\/\/api.w.org\/{rel}","templated":true}]}}