{"id":34125,"date":"2025-01-06T14:04:55","date_gmt":"2025-01-06T13:04:55","guid":{"rendered":"https:\/\/vfs.unsa.ba\/portal\/?p=34125"},"modified":"2025-01-06T14:09:34","modified_gmt":"2025-01-06T13:09:34","slug":"in-memoriam-prof-dr-emir-duzic","status":"publish","type":"post","link":"https:\/\/vfs.unsa.ba\/portal\/06\/01\/2025\/in-memoriam-prof-dr-emir-duzic\/","title":{"rendered":"In Memoriam \u2013 Prof. dr. Emir Duzi\u0107"},"content":{"rendered":"\n<p class=\"has-text-align-center wp-block-paragraph\"><strong><em>In memoriam<\/em><\/strong><\/p>\n\n\n<div class=\"wp-block-image\">\n<figure class=\"aligncenter size-full\"><img width=\"450\" height=\"413\" src=\"https:\/\/vfs.unsa.ba\/portal\/wp-content\/uploads\/2025\/01\/image.png\" alt=\"\" class=\"wp-image-34126\" srcset=\"https:\/\/vfs.unsa.ba\/portal\/wp-content\/uploads\/2025\/01\/image.png 450w, https:\/\/vfs.unsa.ba\/portal\/wp-content\/uploads\/2025\/01\/image-300x275.png 300w\" sizes=\"(max-width: 450px) 100vw, 450px\" \/><\/figure>\n<\/div>\n\n\n<p class=\"wp-block-paragraph\"><\/p>\n\n\n\n<p class=\"has-text-align-center wp-block-paragraph\"><strong>Prof. dr. Emir Duzi\u0107<\/strong><\/p>\n\n\n\n<p class=\"has-text-align-center wp-block-paragraph\"><strong>1954 \u2013 2025<\/strong><\/p>\n\n\n\n<p class=\"wp-block-paragraph\">Obavje\u0161tavamo akademsku zajednicu, uposlenike i studente Univerziteta u Sarajevu &#8211; Veterinarskog fakulteta da je dana 05.01.2025. godine nakon kra\u0107e bolesti u 71. godini preminuo vi\u0161edecenijski ameri\u010dko-bosanski nau\u010dnik, prijeratni profesor Univerziteta u Sarajevu &#8211; Veterinarskog fakulteta, predava\u010d na brojnim univerzitetima u Sjedinjenim Ameri\u010dkim Dr\u017eavama (SAD) i Evropi, svr\u0161enik postdoktorske specijalizacije na Medicinskom fakultetu presti\u017enog Univerziteta Harvard.<\/p>\n\n\n\n<p class=\"wp-block-paragraph\">Profesor Duzi\u0107 ro\u0111en je 25. augusta 1954. godine u Donjem Vakufu. Osnovnu \u0161kolu i gimnaziju je zavr\u0161io u Bugojnu. Diplomirao je 1978. godine na Veterinarskom fakultetu Univerziteta u Sarajevu, a 1979. godine je izabran za asistenta te je tu godinu i proveo na stru\u010dnom usavr\u0161avanju u SAD. Postdiplomsku specijalizaciju zavr\u0161io je na&nbsp;Medicinskom fakultetu Univerziteta Tennessee,&nbsp;Memphis (SAD). Po povratku iz SAD uklju\u010den je intenzivno u nastavu i istra\u017eiva\u010dke projekte u \u010demu je ispoljio izuzetnu anga\u017eiranost i predanost. U\u010destvovao je sa referatima na kongresima Saveza dru\u0161tva filologa i niza nau\u010dnih sastanaka farmakologa, endokrinologa, biohemi\u010dara i biofizi\u010dara. Istra\u017eiva\u010dku specijalizaciju zavr\u0161io je na Institutu za istra\u017eivanje oka i o\u010dnih oboljenja na Univerzitetu u Londonu.<\/p>\n\n\n\n<p class=\"wp-block-paragraph\">Doktorsku disertaciju odbranio je 1988. godine na Univerzitetu u Sarajevu \u2013 Veterinarskom fakultetu na temu \u201cGlikemija kao modulator aktivnosti postsinapti\u010dkih vaskularnih alfa<sub>1 <\/sub>i alfa<sub>2<\/sub> adrenoceptora\u201d. Prije odlaska u SAD radio je kao asistent, docent i vanredni profesor na Katedri za fiziologiju&nbsp;Univerziteta u Sarajevu &#8211; Veterinarskog fakulteta. Od 1989. do 1991. godine dr. Duzi\u0107 je zavr\u0161io i postdoktorsku specijalizaciju na Medicinskom fakultetu presti\u017enog Univerziteta Harvard, Boston, SAD.<\/p>\n\n\n\n<p class=\"wp-block-paragraph\">Kao gostuju\u0107i profesor i predava\u010d odr\u017eao je brojna gostuju\u0107a predavanja u Sjedinjenim Ameri\u010dkim Dr\u017eavama i Evropi. Prezentirao je vi\u0161e od 75 radova na nau\u010dnim skupovima i kongresima. Od 2004. godine bio je direktor Odjela za molekularnu i stani\u010dnu farmakologiju u Istra\u017eiva\u010dkom institutu biofarmaceutske kompanije Cephalon, Inc. SAD.<\/p>\n\n\n\n<p class=\"wp-block-paragraph\">Dobitnik je brojnih nagrada i priznanja,&nbsp;me\u0111u kojima Stipendija ameri\u010dkog instituta za zdravlje &#8211; NIH (Fogarty International Scholar Award); Bethesda, MD; SAD; Stipendija britanskog kraljevskog dru\u0161tva, London, Engleska; Zlatna medalja fonda &#8220;Hasan Brki\u0107&#8221;; Univerzitet u Sarajevu; Stipendija fonda &#8220;Hasan Brki\u0107&#8221;&#8230;<\/p>\n\n\n\n<p class=\"wp-block-paragraph\">Bio je&nbsp;\u010dlan udru\u017eenja: American Society for Pharmacology and Experimental Therapeutics (ASPET); International Union of Pharmacology (IUPHAR), European Histamine Research Society (EHRS), The Society for Biomolecular Science (SBS), American Association for the Advancement of Science (AAAS) i New York Academy of Science (NYAS).<\/p>\n\n\n\n<p class=\"wp-block-paragraph\">Tokom agresije na Bosnu i Hercegovinu anga\u017eirao se na pomo\u0107i&nbsp;\u017ertvama masakra u Sarajevu, poput onog u biv\u0161oj ulici Vaske Miskina (Ferhadija), osiguravaju\u0107i im medicinsku brigu i rehabilitaciju u Sjedinjenim Ameri\u010dkim Dr\u017eavama o \u010demu su 90-ih izvje\u0161tavali vode\u0107i ameri\u010dki mediji. Profesor Emir Duzi\u0107 je svojim predanim intelektualnim, pedago\u0161kim, kao i nau\u010dno-istra\u017eiva\u010dkim radom ostavio neizbrisiv trag u historiji na\u0161eg Fakulteta. Bit \u0107e pam\u0107en kao srda\u010dan \u010dovjek, veliki stru\u010dnjak i nau\u010dni radnik, koji \u0107e zauvijek ostati u sje\u0107anju. Univerzitet u Sarajevu \u2013 Veterinarski fakultet izra\u017eava svoje iskreno sau\u010de\u0161\u0107e porodici uva\u017eenog profesora.<\/p>\n\n\n<div class=\"wp-block-image\">\n<figure class=\"aligncenter size-full\"><img width=\"461\" height=\"591\" src=\"https:\/\/vfs.unsa.ba\/portal\/wp-content\/uploads\/2025\/01\/image-1.png\" alt=\"\" class=\"wp-image-34127\" srcset=\"https:\/\/vfs.unsa.ba\/portal\/wp-content\/uploads\/2025\/01\/image-1.png 461w, https:\/\/vfs.unsa.ba\/portal\/wp-content\/uploads\/2025\/01\/image-1-234x300.png 234w\" sizes=\"(max-width: 461px) 100vw, 461px\" \/><\/figure>\n<\/div>\n\n\n<p class=\"wp-block-paragraph\"><em>Izvor biografskih podataka i fotografija: 40. GODINA VETERINARSKOG FAKULTETA UNIVERZITETA U SARAJEVU 1949 &#8211; 1989; Ko je ko u bh dijaspori &#8211; Doktori nauka i nau\u010dno-istra\u017eiva\u010dki radnici; Radio Sarajevo.<\/em><\/p>\n\n\n\n<p class=\"wp-block-paragraph\"><\/p>\n","protected":false},"excerpt":{"rendered":"<p>In memoriam Prof. dr. Emir Duzi\u0107 1954 \u2013 2025 Obavje\u0161tavamo akademsku zajednicu, uposlenike i studente Univerziteta u Sarajevu &#8211; Veterinarskog&#8230;<\/p>\n","protected":false},"author":1,"featured_media":0,"comment_status":"closed","ping_status":"closed","sticky":false,"template":"","format":"standard","meta":{"footnotes":""},"categories":[1],"tags":[],"class_list":["post-34125","post","type-post","status-publish","format-standard","category-vijesti"],"menu_order":0,"_links":{"self":[{"href":"https:\/\/vfs.unsa.ba\/portal\/wp-json\/wp\/v2\/posts\/34125","targetHints":{"allow":["GET"]}}],"collection":[{"href":"https:\/\/vfs.unsa.ba\/portal\/wp-json\/wp\/v2\/posts"}],"about":[{"href":"https:\/\/vfs.unsa.ba\/portal\/wp-json\/wp\/v2\/types\/post"}],"author":[{"embeddable":true,"href":"https:\/\/vfs.unsa.ba\/portal\/wp-json\/wp\/v2\/users\/1"}],"replies":[{"embeddable":true,"href":"https:\/\/vfs.unsa.ba\/portal\/wp-json\/wp\/v2\/comments?post=34125"}],"version-history":[{"count":2,"href":"https:\/\/vfs.unsa.ba\/portal\/wp-json\/wp\/v2\/posts\/34125\/revisions"}],"predecessor-version":[{"id":34131,"href":"https:\/\/vfs.unsa.ba\/portal\/wp-json\/wp\/v2\/posts\/34125\/revisions\/34131"}],"wp:attachment":[{"href":"https:\/\/vfs.unsa.ba\/portal\/wp-json\/wp\/v2\/media?parent=34125"}],"wp:term":[{"taxonomy":"category","embeddable":true,"href":"https:\/\/vfs.unsa.ba\/portal\/wp-json\/wp\/v2\/categories?post=34125"},{"taxonomy":"post_tag","embeddable":true,"href":"https:\/\/vfs.unsa.ba\/portal\/wp-json\/wp\/v2\/tags?post=34125"}],"curies":[{"name":"wp","href":"https:\/\/api.w.org\/{rel}","templated":true}]}}