{"id":35136,"date":"2025-06-02T15:29:20","date_gmt":"2025-06-02T13:29:20","guid":{"rendered":"https:\/\/vfs.unsa.ba\/portal\/?p=35136"},"modified":"2025-06-02T15:29:24","modified_gmt":"2025-06-02T13:29:24","slug":"in-memoriam-prof-dr-mensur-sehic-emeritus","status":"publish","type":"post","link":"https:\/\/vfs.unsa.ba\/portal\/02\/06\/2025\/in-memoriam-prof-dr-mensur-sehic-emeritus\/","title":{"rendered":"In Memoriam \u2013 prof. dr. Mensur \u0160ehi\u0107, emeritus"},"content":{"rendered":"\n<figure class=\"wp-block-gallery has-nested-images columns-default is-cropped wp-block-gallery-1 is-layout-flex wp-block-gallery-is-layout-flex\">\n<figure class=\"wp-block-image size-large\"><img width=\"622\" height=\"337\" data-id=\"35137\" src=\"https:\/\/vfs.unsa.ba\/portal\/wp-content\/uploads\/2025\/06\/Screenshot-2025-06-02-152234.jpg\" alt=\"\" class=\"wp-image-35137\" srcset=\"https:\/\/vfs.unsa.ba\/portal\/wp-content\/uploads\/2025\/06\/Screenshot-2025-06-02-152234.jpg 622w, https:\/\/vfs.unsa.ba\/portal\/wp-content\/uploads\/2025\/06\/Screenshot-2025-06-02-152234-300x163.jpg 300w\" sizes=\"(max-width: 622px) 100vw, 622px\" \/><\/figure>\n<\/figure>\n\n\n\n<p class=\"has-text-align-center wp-block-paragraph\"><strong>U Zagrebu preminuo profesor emeritus Mensur \u0160ehi\u0107<\/strong><\/p>\n\n\n\n<p class=\"wp-block-paragraph\"><\/p>\n\n\n\n<p class=\"wp-block-paragraph\"><strong>U ime kolektiva Univerziteta u Sarajevu &#8211; Veterinarskog fakulteta, s dubokom tugom i iskrenim po\u0161tovanjem opra\u0161tamo se od profesora emeritusa dr. Mensura \u0160ehi\u0107a.<\/strong><\/p>\n\n\n\n<p class=\"wp-block-paragraph\">Profesor \u0160ehi\u0107 bio je izuzetan nau\u010dnik, predani pedagog i izvanredan \u010dovjek. Njegovo znanje, posve\u0107enost i ljudska toplina ostavili su neizbrisiv trag, ne samo na Veterinarskom fakultetu Univerziteta u Zagrebu, ve\u0107 i na Univerzitetu u Sarajevu &#8211; Veterinarskom fakultetu, kao i u \u0161iroj veterinarskoj zajednici.<\/p>\n\n\n\n<p class=\"wp-block-paragraph\">Generacije studenata i kolega pamtit \u0107e ga po njegovoj nesebi\u010dnoj podr\u0161ci, mudrim savjetima i stalnoj spremnosti da podijeli svoje bogato iskustvo i znanje. Njegov doprinos razvoju veterinarske medicine \u2013 osobito na polju veterinarske radiologije i fizikalne terapije \u2013 ostat \u0107e trajna inspiracija sada\u0161njim i budu\u0107im generacijama stru\u010dnjaka.<\/p>\n\n\n\n<p class=\"wp-block-paragraph\">Profesor \u0160ehi\u0107 ostaje na\u0161 uzor predanosti, stru\u010dnosti i istinske ljudskosti.<\/p>\n\n\n\n<p class=\"wp-block-paragraph\">U ovim te\u0161kim trenucima, izra\u017eavamo najdublje sau\u010de\u0161\u0107e njegovoj porodici, prijateljima i svima koji su ga poznavali i cijenili. Neka mu je vje\u010dna slava i hvala, a njegovoj porodici \u017eelimo snagu, mir i utjehu.<\/p>\n\n\n\n<p class=\"wp-block-paragraph\"><em>Kolektiv Univerziteta u Sarajevu \u2013 Veterinarskog &nbsp;fakulteta<\/em><\/p>\n\n\n\n<p class=\"wp-block-paragraph\"><\/p>\n","protected":false},"excerpt":{"rendered":"<p>U Zagrebu preminuo profesor emeritus Mensur \u0160ehi\u0107 U ime kolektiva Univerziteta u Sarajevu &#8211; Veterinarskog fakulteta, s dubokom tugom i&#8230;<\/p>\n","protected":false},"author":1,"featured_media":0,"comment_status":"closed","ping_status":"closed","sticky":false,"template":"","format":"standard","meta":{"footnotes":""},"categories":[1],"tags":[],"class_list":["post-35136","post","type-post","status-publish","format-standard","category-vijesti"],"menu_order":0,"_links":{"self":[{"href":"https:\/\/vfs.unsa.ba\/portal\/wp-json\/wp\/v2\/posts\/35136","targetHints":{"allow":["GET"]}}],"collection":[{"href":"https:\/\/vfs.unsa.ba\/portal\/wp-json\/wp\/v2\/posts"}],"about":[{"href":"https:\/\/vfs.unsa.ba\/portal\/wp-json\/wp\/v2\/types\/post"}],"author":[{"embeddable":true,"href":"https:\/\/vfs.unsa.ba\/portal\/wp-json\/wp\/v2\/users\/1"}],"replies":[{"embeddable":true,"href":"https:\/\/vfs.unsa.ba\/portal\/wp-json\/wp\/v2\/comments?post=35136"}],"version-history":[{"count":1,"href":"https:\/\/vfs.unsa.ba\/portal\/wp-json\/wp\/v2\/posts\/35136\/revisions"}],"predecessor-version":[{"id":35138,"href":"https:\/\/vfs.unsa.ba\/portal\/wp-json\/wp\/v2\/posts\/35136\/revisions\/35138"}],"wp:attachment":[{"href":"https:\/\/vfs.unsa.ba\/portal\/wp-json\/wp\/v2\/media?parent=35136"}],"wp:term":[{"taxonomy":"category","embeddable":true,"href":"https:\/\/vfs.unsa.ba\/portal\/wp-json\/wp\/v2\/categories?post=35136"},{"taxonomy":"post_tag","embeddable":true,"href":"https:\/\/vfs.unsa.ba\/portal\/wp-json\/wp\/v2\/tags?post=35136"}],"curies":[{"name":"wp","href":"https:\/\/api.w.org\/{rel}","templated":true}]}}