{"id":35345,"date":"2025-07-04T14:04:58","date_gmt":"2025-07-04T12:04:58","guid":{"rendered":"https:\/\/vfs.unsa.ba\/portal\/?p=35345"},"modified":"2025-07-04T14:05:54","modified_gmt":"2025-07-04T12:05:54","slug":"odbrana-zavrsnog-rada-studentice-emine-abaz","status":"publish","type":"post","link":"https:\/\/vfs.unsa.ba\/portal\/04\/07\/2025\/odbrana-zavrsnog-rada-studentice-emine-abaz\/","title":{"rendered":"Odbrana zavr\u0161nog rada studentice Emine Abaz"},"content":{"rendered":"\n<p class=\"wp-block-paragraph\"><strong>UNIVERZITET U SARAJEVU &#8211;<\/strong><\/p>\n\n\n\n<p class=\"wp-block-paragraph\"><strong>VETERINARSKI FAKULTET<\/strong><\/p>\n\n\n\n<p class=\"has-text-align-center wp-block-paragraph\"><strong>O B A V J E \u0160 T E NJ E<\/strong><\/p>\n\n\n\n<p class=\"has-text-align-center wp-block-paragraph\"><strong>O ODBRANI ZAVR\u0160NOG RADA<\/strong><\/p>\n\n\n\n<p class=\"wp-block-paragraph\"><\/p>\n\n\n\n<p class=\"wp-block-paragraph\">Na Univerzitetu u Sarajevu \u2013 Veterinarskom fakultetu Emina Abaz, studentica integriranog studija veterinarske medicine branit \u0107e zavr\u0161ni rad pod naslovom:<\/p>\n\n\n\n<p class=\"has-text-align-center wp-block-paragraph\">\u201cJavno &#8211; zdravstveni zna\u010daj provo\u0111enja sistematske preventivne deratizacije\u201c<\/p>\n\n\n\n<p class=\"wp-block-paragraph\">dana 15.07.2025. godine (utorak) u 10:00 sati. <strong><\/strong> Odbrana je javna i istoj se mo\u017ee prisustvovati, a odr\u017eat \u0107e se u sali 124 na Univerzitetu u Sarajevu \u2013 Veterinarskom fakultetu<\/p>\n\n\n\n<p class=\"wp-block-paragraph\"><\/p>\n","protected":false},"excerpt":{"rendered":"<p>UNIVERZITET U SARAJEVU &#8211; VETERINARSKI FAKULTET O B A V J E \u0160 T E NJ E O ODBRANI ZAVR\u0160NOG&#8230;<\/p>\n","protected":false},"author":1,"featured_media":0,"comment_status":"closed","ping_status":"closed","sticky":false,"template":"","format":"standard","meta":{"footnotes":""},"categories":[13],"tags":[],"class_list":["post-35345","post","type-post","status-publish","format-standard","category-oglasna-ploca"],"menu_order":0,"_links":{"self":[{"href":"https:\/\/vfs.unsa.ba\/portal\/wp-json\/wp\/v2\/posts\/35345","targetHints":{"allow":["GET"]}}],"collection":[{"href":"https:\/\/vfs.unsa.ba\/portal\/wp-json\/wp\/v2\/posts"}],"about":[{"href":"https:\/\/vfs.unsa.ba\/portal\/wp-json\/wp\/v2\/types\/post"}],"author":[{"embeddable":true,"href":"https:\/\/vfs.unsa.ba\/portal\/wp-json\/wp\/v2\/users\/1"}],"replies":[{"embeddable":true,"href":"https:\/\/vfs.unsa.ba\/portal\/wp-json\/wp\/v2\/comments?post=35345"}],"version-history":[{"count":1,"href":"https:\/\/vfs.unsa.ba\/portal\/wp-json\/wp\/v2\/posts\/35345\/revisions"}],"predecessor-version":[{"id":35346,"href":"https:\/\/vfs.unsa.ba\/portal\/wp-json\/wp\/v2\/posts\/35345\/revisions\/35346"}],"wp:attachment":[{"href":"https:\/\/vfs.unsa.ba\/portal\/wp-json\/wp\/v2\/media?parent=35345"}],"wp:term":[{"taxonomy":"category","embeddable":true,"href":"https:\/\/vfs.unsa.ba\/portal\/wp-json\/wp\/v2\/categories?post=35345"},{"taxonomy":"post_tag","embeddable":true,"href":"https:\/\/vfs.unsa.ba\/portal\/wp-json\/wp\/v2\/tags?post=35345"}],"curies":[{"name":"wp","href":"https:\/\/api.w.org\/{rel}","templated":true}]}}