{"id":35995,"date":"2025-10-02T12:08:32","date_gmt":"2025-10-02T10:08:32","guid":{"rendered":"https:\/\/vfs.unsa.ba\/portal\/?p=35995"},"modified":"2025-10-02T12:33:25","modified_gmt":"2025-10-02T10:33:25","slug":"35-eava-kongres-2025-tuluz-francuska","status":"publish","type":"post","link":"https:\/\/vfs.unsa.ba\/portal\/02\/10\/2025\/35-eava-kongres-2025-tuluz-francuska\/","title":{"rendered":"35. EAVA Kongres 2025 Tuluz, Francuska"},"content":{"rendered":"\n<p class=\"wp-block-paragraph\">U periodu od 22. do 25. jula 2025. godine na Veterinarskom fakultetu u Tuluzu (Francuska) odr\u017ean je 35. EAVA (European Association of Veterinary Anatomists) kongres &nbsp;na kojem su u\u010destvovali profesori Univerziteta u Sarajevu &#8211; Veterinarskog fakulteta, prof. dr. Faruk Tandir i prof. dr. Ned\u017ead Had\u017eiomerovi\u0107. EAVA kongres predstavlja najpresti\u017eniji skup veterinarskih anatoma u Evropi i \u0161ire. Na kongresu je prezentovano 30 usmenih i 86 poster-prezentacija uz u\u010de\u0161\u0107e preko 150 u\u010desnika. U sklopu socijalnog programa organizovano je nekoliko posjeta uklju\u010duju\u0107i posjete Veterinarskom fakultetu u Tuluzu, Kapitolu, Prirodnja\u010dkom muzeju, kao i obilazak grada.<\/p>\n\n\n\n<p class=\"wp-block-paragraph\">Pored aktivnog u\u010de\u0161\u0107a na kongresu prezentovanjem dva nau\u010dna rada, na\u0161i profesori su predstavili Univerzitet u Sarajevu &#8211; Veterinarski fakultet kao doma\u0107ina sljede\u0107eg anatomskog kongresa YGVA (Young Generation Veterinary Anatomists) koji \u0107e se odr\u017eati u julu 2026. godine u Sarajevu.<\/p>\n\n\n\n<p class=\"wp-block-paragraph\">Na kongresu je odr\u017eana generalna skup\u0161tina na kojoj je izabrano novo rukovodstvo koje \u010dine sljede\u0107i \u010dlanovi:<\/p>\n\n\n\n<p class=\"wp-block-paragraph\">Prof. dr. Catrin Rutland (Notingem) &#8211; Predsjednica<\/p>\n\n\n\n<p class=\"wp-block-paragraph\">Prof. dr. Pieter Cornillie (Gent) &#8211; Zamjenik Predsjednice<\/p>\n\n\n\n<p class=\"wp-block-paragraph\">Prof. dr. Valentina Kubale Dvojmo\u010d (Ljubljana) &#8211; Generalni sekretar<\/p>\n\n\n\n<p class=\"wp-block-paragraph\">Dr. Juliane Rieger (Berlin) \u2013 Web administrator<\/p>\n\n\n\n<p class=\"wp-block-paragraph\">Blagajnik prof. dr. Christoph Mulling (Leipcig) i Young Generation predsjednik dr. Ivan Alic (Zagreb) ostaju \u010dlanovi odbora.<\/p>\n\n\n\n<p class=\"wp-block-paragraph\"><a href=\"https:\/\/www.eava.eu.com\" target=\"_blank\" rel=\"noopener\" title=\"\">https:\/\/www.eava.eu.com<\/a><\/p>\n\n\n\n<figure class=\"wp-block-gallery has-nested-images columns-default is-cropped wp-block-gallery-1 is-layout-flex wp-block-gallery-is-layout-flex\">\n<figure class=\"wp-block-image size-full\"><img width=\"1920\" height=\"1242\" data-id=\"35998\" src=\"https:\/\/vfs.unsa.ba\/portal\/wp-content\/uploads\/2025\/10\/thumbnail_IMG_0120-2.jpg\" alt=\"\" class=\"wp-image-35998\" srcset=\"https:\/\/vfs.unsa.ba\/portal\/wp-content\/uploads\/2025\/10\/thumbnail_IMG_0120-2.jpg 1920w, https:\/\/vfs.unsa.ba\/portal\/wp-content\/uploads\/2025\/10\/thumbnail_IMG_0120-2-300x194.jpg 300w, https:\/\/vfs.unsa.ba\/portal\/wp-content\/uploads\/2025\/10\/thumbnail_IMG_0120-2-1024x662.jpg 1024w, https:\/\/vfs.unsa.ba\/portal\/wp-content\/uploads\/2025\/10\/thumbnail_IMG_0120-2-768x497.jpg 768w, https:\/\/vfs.unsa.ba\/portal\/wp-content\/uploads\/2025\/10\/thumbnail_IMG_0120-2-1536x994.jpg 1536w\" sizes=\"(max-width: 1920px) 100vw, 1920px\" \/><\/figure>\n<\/figure>\n\n\n\n<div style=\"height:11px\" aria-hidden=\"true\" class=\"wp-block-spacer\"><\/div>\n\n\n<div class=\"wp-block-image\">\n<figure class=\"aligncenter size-large\"><img width=\"1024\" height=\"768\" src=\"https:\/\/vfs.unsa.ba\/portal\/wp-content\/uploads\/2025\/10\/Photo4-3-1024x768.jpg\" alt=\"\" class=\"wp-image-36004\" srcset=\"https:\/\/vfs.unsa.ba\/portal\/wp-content\/uploads\/2025\/10\/Photo4-3-1024x768.jpg 1024w, https:\/\/vfs.unsa.ba\/portal\/wp-content\/uploads\/2025\/10\/Photo4-3-300x225.jpg 300w, https:\/\/vfs.unsa.ba\/portal\/wp-content\/uploads\/2025\/10\/Photo4-3-768x576.jpg 768w, https:\/\/vfs.unsa.ba\/portal\/wp-content\/uploads\/2025\/10\/Photo4-3-1536x1152.jpg 1536w, https:\/\/vfs.unsa.ba\/portal\/wp-content\/uploads\/2025\/10\/Photo4-3-2048x1536.jpg 2048w\" sizes=\"(max-width: 1024px) 100vw, 1024px\" \/><\/figure>\n<\/div>\n\n<div class=\"wp-block-image\">\n<figure class=\"aligncenter size-large\"><img width=\"768\" height=\"1024\" src=\"https:\/\/vfs.unsa.ba\/portal\/wp-content\/uploads\/2025\/10\/IMG_3026-768x1024.jpg\" alt=\"\" class=\"wp-image-35999\" srcset=\"https:\/\/vfs.unsa.ba\/portal\/wp-content\/uploads\/2025\/10\/IMG_3026-768x1024.jpg 768w, https:\/\/vfs.unsa.ba\/portal\/wp-content\/uploads\/2025\/10\/IMG_3026-225x300.jpg 225w, https:\/\/vfs.unsa.ba\/portal\/wp-content\/uploads\/2025\/10\/IMG_3026-1152x1536.jpg 1152w, https:\/\/vfs.unsa.ba\/portal\/wp-content\/uploads\/2025\/10\/IMG_3026-1536x2048.jpg 1536w, https:\/\/vfs.unsa.ba\/portal\/wp-content\/uploads\/2025\/10\/IMG_3026-scaled.jpg 1920w\" sizes=\"(max-width: 768px) 100vw, 768px\" \/><\/figure>\n<\/div>\n\n<div class=\"wp-block-image\">\n<figure class=\"aligncenter size-large\"><img width=\"1024\" height=\"768\" src=\"https:\/\/vfs.unsa.ba\/portal\/wp-content\/uploads\/2025\/10\/thumbnail_IMG_0095-1024x768.jpg\" alt=\"\" class=\"wp-image-35997\" srcset=\"https:\/\/vfs.unsa.ba\/portal\/wp-content\/uploads\/2025\/10\/thumbnail_IMG_0095-1024x768.jpg 1024w, https:\/\/vfs.unsa.ba\/portal\/wp-content\/uploads\/2025\/10\/thumbnail_IMG_0095-300x225.jpg 300w, https:\/\/vfs.unsa.ba\/portal\/wp-content\/uploads\/2025\/10\/thumbnail_IMG_0095-768x576.jpg 768w, https:\/\/vfs.unsa.ba\/portal\/wp-content\/uploads\/2025\/10\/thumbnail_IMG_0095-1536x1152.jpg 1536w, https:\/\/vfs.unsa.ba\/portal\/wp-content\/uploads\/2025\/10\/thumbnail_IMG_0095.jpg 1920w\" sizes=\"(max-width: 1024px) 100vw, 1024px\" \/><\/figure>\n<\/div>\n\n<div class=\"wp-block-image\">\n<figure class=\"aligncenter size-large\"><img width=\"1024\" height=\"768\" src=\"https:\/\/vfs.unsa.ba\/portal\/wp-content\/uploads\/2025\/10\/photo1-1024x768.jpg\" alt=\"\" class=\"wp-image-36001\" srcset=\"https:\/\/vfs.unsa.ba\/portal\/wp-content\/uploads\/2025\/10\/photo1-1024x768.jpg 1024w, https:\/\/vfs.unsa.ba\/portal\/wp-content\/uploads\/2025\/10\/photo1-300x225.jpg 300w, https:\/\/vfs.unsa.ba\/portal\/wp-content\/uploads\/2025\/10\/photo1-768x576.jpg 768w, https:\/\/vfs.unsa.ba\/portal\/wp-content\/uploads\/2025\/10\/photo1-1536x1152.jpg 1536w, https:\/\/vfs.unsa.ba\/portal\/wp-content\/uploads\/2025\/10\/photo1-2048x1536.jpg 2048w\" sizes=\"(max-width: 1024px) 100vw, 1024px\" \/><\/figure>\n<\/div>\n\n<div class=\"wp-block-image\">\n<figure class=\"aligncenter size-large\"><img width=\"768\" height=\"1024\" src=\"https:\/\/vfs.unsa.ba\/portal\/wp-content\/uploads\/2025\/10\/att.UaUfiBPfuPrxFY6FZcMgm2squzDbblou5P0m4FnORqY-768x1024.jpg\" alt=\"\" class=\"wp-image-35996\" srcset=\"https:\/\/vfs.unsa.ba\/portal\/wp-content\/uploads\/2025\/10\/att.UaUfiBPfuPrxFY6FZcMgm2squzDbblou5P0m4FnORqY-768x1024.jpg 768w, https:\/\/vfs.unsa.ba\/portal\/wp-content\/uploads\/2025\/10\/att.UaUfiBPfuPrxFY6FZcMgm2squzDbblou5P0m4FnORqY-225x300.jpg 225w, https:\/\/vfs.unsa.ba\/portal\/wp-content\/uploads\/2025\/10\/att.UaUfiBPfuPrxFY6FZcMgm2squzDbblou5P0m4FnORqY-1152x1536.jpg 1152w, https:\/\/vfs.unsa.ba\/portal\/wp-content\/uploads\/2025\/10\/att.UaUfiBPfuPrxFY6FZcMgm2squzDbblou5P0m4FnORqY.jpg 1536w\" sizes=\"(max-width: 768px) 100vw, 768px\" \/><\/figure>\n<\/div>","protected":false},"excerpt":{"rendered":"<p>U periodu od 22. do 25. jula 2025. godine na Veterinarskom fakultetu u Tuluzu (Francuska) odr\u017ean je 35. EAVA (European&#8230;<\/p>\n","protected":false},"author":1,"featured_media":0,"comment_status":"closed","ping_status":"closed","sticky":false,"template":"","format":"standard","meta":{"footnotes":""},"categories":[1],"tags":[],"class_list":["post-35995","post","type-post","status-publish","format-standard","category-vijesti"],"menu_order":0,"_links":{"self":[{"href":"https:\/\/vfs.unsa.ba\/portal\/wp-json\/wp\/v2\/posts\/35995","targetHints":{"allow":["GET"]}}],"collection":[{"href":"https:\/\/vfs.unsa.ba\/portal\/wp-json\/wp\/v2\/posts"}],"about":[{"href":"https:\/\/vfs.unsa.ba\/portal\/wp-json\/wp\/v2\/types\/post"}],"author":[{"embeddable":true,"href":"https:\/\/vfs.unsa.ba\/portal\/wp-json\/wp\/v2\/users\/1"}],"replies":[{"embeddable":true,"href":"https:\/\/vfs.unsa.ba\/portal\/wp-json\/wp\/v2\/comments?post=35995"}],"version-history":[{"count":4,"href":"https:\/\/vfs.unsa.ba\/portal\/wp-json\/wp\/v2\/posts\/35995\/revisions"}],"predecessor-version":[{"id":36019,"href":"https:\/\/vfs.unsa.ba\/portal\/wp-json\/wp\/v2\/posts\/35995\/revisions\/36019"}],"wp:attachment":[{"href":"https:\/\/vfs.unsa.ba\/portal\/wp-json\/wp\/v2\/media?parent=35995"}],"wp:term":[{"taxonomy":"category","embeddable":true,"href":"https:\/\/vfs.unsa.ba\/portal\/wp-json\/wp\/v2\/categories?post=35995"},{"taxonomy":"post_tag","embeddable":true,"href":"https:\/\/vfs.unsa.ba\/portal\/wp-json\/wp\/v2\/tags?post=35995"}],"curies":[{"name":"wp","href":"https:\/\/api.w.org\/{rel}","templated":true}]}}