{"id":36983,"date":"2026-04-01T10:20:38","date_gmt":"2026-04-01T08:20:38","guid":{"rendered":"https:\/\/vfs.unsa.ba\/portal\/?p=36983"},"modified":"2026-04-01T14:27:57","modified_gmt":"2026-04-01T12:27:57","slug":"in-memoriam-prof-dr-abdulah-gagic-emeritus","status":"publish","type":"post","link":"https:\/\/vfs.unsa.ba\/portal\/01\/04\/2026\/in-memoriam-prof-dr-abdulah-gagic-emeritus\/","title":{"rendered":"In Memoriam \u2013 prof. dr. Abdulah Gagi\u0107, emeritus"},"content":{"rendered":"\n<p class=\"has-text-align-center wp-block-paragraph\"><strong><em>In memoriam<\/em><\/strong><\/p>\n\n\n<div class=\"wp-block-image\">\n<figure class=\"aligncenter size-full\"><img width=\"629\" height=\"1024\" src=\"https:\/\/vfs.unsa.ba\/portal\/wp-content\/uploads\/2026\/04\/Abdulah_Gagic.png\" alt=\"\" class=\"wp-image-36984\" srcset=\"https:\/\/vfs.unsa.ba\/portal\/wp-content\/uploads\/2026\/04\/Abdulah_Gagic.png 629w, https:\/\/vfs.unsa.ba\/portal\/wp-content\/uploads\/2026\/04\/Abdulah_Gagic-184x300.png 184w\" sizes=\"(max-width: 629px) 100vw, 629px\" \/><\/figure>\n<\/div>\n\n\n<p class=\"has-text-align-center wp-block-paragraph\"><strong>Prof. dr. emeritus Abdulah Gagi\u0107<\/strong><\/p>\n\n\n\n<p class=\"has-text-align-center wp-block-paragraph\"><strong>(14. 09. 1955 \u2013 31. 03. 2026)<\/strong><\/p>\n\n\n\n<p class=\"wp-block-paragraph\">Sa dubokim bolom, tugom i neizmjernim po\u0161tovanjem obavje\u0161tavamo akademsku zajednicu, kolege, studente i prijatelje da je sino\u0107 iznenada preselio na Ahiret na\u0161 uva\u017eeni profesor emeritus, dr. sc. Abdulah Gagi\u0107.<\/p>\n\n\n\n<p class=\"wp-block-paragraph\">Odlazak profesora Gagi\u0107a ostavlja nenadoknadivu prazninu na Veterinarskom fakultetu Univerziteta u Sarajevu, kojem je posvetio decenije svog neumornog rada, znanja i plemenitosti. Ro\u0111en u Travniku 1955. godine, svoj profesionalni put neraskidivo je vezao za Sarajevo, gdje je od asistenta do profesora emeritusa gradio standarde izvrsnosti u oblasti peradarstva, zoohigijene i etologije.<\/p>\n\n\n\n<p class=\"wp-block-paragraph\">Pamti\u0107emo ga kao vrhunskog stru\u010dnjaka, mentora brojnim generacijama doktora i magistara veterinarskih nauka, ali prije svega kao \u010dovjeka od rije\u010di, nepokolebljivog integriteta, iskrenosti, po\u0161tenja i duboke vjere, koji je sa dostojanstvom nosio autoritet nau\u010dnika i toplinu bosanskog \u010dovjeka.<\/p>\n\n\n\n<p class=\"wp-block-paragraph\">Njegov doprinos razvoju Fakulteta, kao i nesebi\u010dno dijeljenje znanja na Poljoprivredno-prehrambenom fakultetu, ostaju trajni spomenik njegovom liku i djelu.<\/p>\n\n\n\n<p class=\"wp-block-paragraph\">&#8220;Svi smo Allahovi i Njemu se vra\u0107amo.&#8221;<\/p>\n\n\n\n<p class=\"wp-block-paragraph\">D\u017eenaza \u0107e se obaviti u petak, 03. 04. 2026. godine, poslije d\u017euma-namaza na mezarju Derventa kod Plave vode u Travniku, a polazi ispred \u0160arene d\u017eamije.<\/p>\n\n\n\n<p class=\"wp-block-paragraph\">Komemoracija uva\u017eenom profesoru odr\u017eat \u0107e se u utorak, 07. 04. 2026. godine, u Amfiteatru Veterinarskog fakulteta Univerziteta u Sarajevu, sa po\u010detkom u 10:00 sati.<\/p>\n\n\n\n<p class=\"wp-block-paragraph\">Kolektiv Veterinarskog fakulteta Univerziteta u Sarajevu izra\u017eava najiskrenije sau\u010de\u0161\u0107e porodici, prijateljima i kolegama uva\u017eenog profesora.<\/p>\n\n\n\n<p class=\"wp-block-paragraph\"><\/p>\n","protected":false},"excerpt":{"rendered":"<p>In memoriam Prof. dr. emeritus Abdulah Gagi\u0107 (14. 09. 1955 \u2013 31. 03. 2026) Sa dubokim bolom, tugom i neizmjernim&#8230;<\/p>\n","protected":false},"author":1,"featured_media":0,"comment_status":"closed","ping_status":"closed","sticky":false,"template":"","format":"standard","meta":{"footnotes":""},"categories":[1],"tags":[],"class_list":["post-36983","post","type-post","status-publish","format-standard","category-vijesti"],"menu_order":0,"_links":{"self":[{"href":"https:\/\/vfs.unsa.ba\/portal\/wp-json\/wp\/v2\/posts\/36983","targetHints":{"allow":["GET"]}}],"collection":[{"href":"https:\/\/vfs.unsa.ba\/portal\/wp-json\/wp\/v2\/posts"}],"about":[{"href":"https:\/\/vfs.unsa.ba\/portal\/wp-json\/wp\/v2\/types\/post"}],"author":[{"embeddable":true,"href":"https:\/\/vfs.unsa.ba\/portal\/wp-json\/wp\/v2\/users\/1"}],"replies":[{"embeddable":true,"href":"https:\/\/vfs.unsa.ba\/portal\/wp-json\/wp\/v2\/comments?post=36983"}],"version-history":[{"count":2,"href":"https:\/\/vfs.unsa.ba\/portal\/wp-json\/wp\/v2\/posts\/36983\/revisions"}],"predecessor-version":[{"id":36986,"href":"https:\/\/vfs.unsa.ba\/portal\/wp-json\/wp\/v2\/posts\/36983\/revisions\/36986"}],"wp:attachment":[{"href":"https:\/\/vfs.unsa.ba\/portal\/wp-json\/wp\/v2\/media?parent=36983"}],"wp:term":[{"taxonomy":"category","embeddable":true,"href":"https:\/\/vfs.unsa.ba\/portal\/wp-json\/wp\/v2\/categories?post=36983"},{"taxonomy":"post_tag","embeddable":true,"href":"https:\/\/vfs.unsa.ba\/portal\/wp-json\/wp\/v2\/tags?post=36983"}],"curies":[{"name":"wp","href":"https:\/\/api.w.org\/{rel}","templated":true}]}}