{"id":37470,"date":"2026-06-30T08:40:12","date_gmt":"2026-06-30T06:40:12","guid":{"rendered":"https:\/\/vfs.unsa.ba\/portal\/?p=37470"},"modified":"2026-06-30T08:40:14","modified_gmt":"2026-06-30T06:40:14","slug":"odbrana-zavrsnog-rada-studentice-hane-hadzic","status":"publish","type":"post","link":"https:\/\/vfs.unsa.ba\/portal\/30\/06\/2026\/odbrana-zavrsnog-rada-studentice-hane-hadzic\/","title":{"rendered":"Odbrana zavr\u0161nog rada studentice Hane Had\u017ei\u0107"},"content":{"rendered":"\n<p class=\"wp-block-paragraph\"><strong>UNIVERZITET U SARAJEVU &#8211;<\/strong><\/p>\n\n\n\n<p class=\"wp-block-paragraph\"><strong>VETERINARSKI FAKULTET<\/strong><\/p>\n\n\n\n<p class=\"has-text-align-center wp-block-paragraph\"><strong>O B A V J E \u0160 T E NJ E<\/strong><\/p>\n\n\n\n<p class=\"has-text-align-center wp-block-paragraph\"><strong>O ODBRANI ZAVR\u0160NOG RADA<\/strong><\/p>\n\n\n\n<p class=\"wp-block-paragraph\"><\/p>\n\n\n\n<p class=\"wp-block-paragraph\">Na Univerzitetu u Sarajevu \u2013 Veterinarskom fakultetu Hana Had\u017ei\u0107, studentica integriranog studija veterinarske medicine prvi i drugi ciklus branit \u0107e zavr\u0161ni rad pod naslovom:<\/p>\n\n\n\n<p class=\"has-text-align-center wp-block-paragraph\">\u201cPrimjena umjetne inteligencije u veterinarskoj klini\u010dkoj dijagnostici\u201c<\/p>\n\n\n\n<p class=\"has-text-align-center wp-block-paragraph\">dana 20.07.2026. godine (ponedjeljak) u 11:00 sati. <strong><\/strong><\/p>\n\n\n\n<p class=\"wp-block-paragraph\">Odbrana je javna i istoj se mo\u017ee prisustvovati, a odr\u017eat \u0107e se u sali 105 na Univerzitetu u Sarajevu \u2013 Veterinarskom fakultetu.<\/p>\n\n\n\n<p class=\"wp-block-paragraph\"><\/p>\n","protected":false},"excerpt":{"rendered":"<p>UNIVERZITET U SARAJEVU &#8211; VETERINARSKI FAKULTET O B A V J E \u0160 T E NJ E O ODBRANI ZAVR\u0160NOG&#8230;<\/p>\n","protected":false},"author":1,"featured_media":0,"comment_status":"closed","ping_status":"closed","sticky":false,"template":"","format":"standard","meta":{"footnotes":""},"categories":[13],"tags":[],"class_list":["post-37470","post","type-post","status-publish","format-standard","category-oglasna-ploca"],"menu_order":0,"_links":{"self":[{"href":"https:\/\/vfs.unsa.ba\/portal\/wp-json\/wp\/v2\/posts\/37470","targetHints":{"allow":["GET"]}}],"collection":[{"href":"https:\/\/vfs.unsa.ba\/portal\/wp-json\/wp\/v2\/posts"}],"about":[{"href":"https:\/\/vfs.unsa.ba\/portal\/wp-json\/wp\/v2\/types\/post"}],"author":[{"embeddable":true,"href":"https:\/\/vfs.unsa.ba\/portal\/wp-json\/wp\/v2\/users\/1"}],"replies":[{"embeddable":true,"href":"https:\/\/vfs.unsa.ba\/portal\/wp-json\/wp\/v2\/comments?post=37470"}],"version-history":[{"count":1,"href":"https:\/\/vfs.unsa.ba\/portal\/wp-json\/wp\/v2\/posts\/37470\/revisions"}],"predecessor-version":[{"id":37471,"href":"https:\/\/vfs.unsa.ba\/portal\/wp-json\/wp\/v2\/posts\/37470\/revisions\/37471"}],"wp:attachment":[{"href":"https:\/\/vfs.unsa.ba\/portal\/wp-json\/wp\/v2\/media?parent=37470"}],"wp:term":[{"taxonomy":"category","embeddable":true,"href":"https:\/\/vfs.unsa.ba\/portal\/wp-json\/wp\/v2\/categories?post=37470"},{"taxonomy":"post_tag","embeddable":true,"href":"https:\/\/vfs.unsa.ba\/portal\/wp-json\/wp\/v2\/tags?post=37470"}],"curies":[{"name":"wp","href":"https:\/\/api.w.org\/{rel}","templated":true}]}}